{"id":131,"date":"2019-06-24T17:00:20","date_gmt":"2019-06-24T15:00:20","guid":{"rendered":"https:\/\/chateaudechimay.be\/nl\/concert-jazz-shape-international-band-21-9-19\/"},"modified":"2020-03-12T14:50:04","modified_gmt":"2020-03-12T13:50:04","slug":"concert-jazz-shape-international-band-21-9-19","status":"publish","type":"post","link":"https:\/\/chateaudechimay.be\/nl\/concert-jazz-shape-international-band-21-9-19\/","title":{"rendered":"Jazz &#8211; Shape International Band &#8211; 21\/9\/19"},"content":{"rendered":"\t\t<div data-elementor-type=\"wp-post\" data-elementor-id=\"131\" class=\"elementor elementor-131\">\n\t\t\t\t\t\t<section class=\"elementor-section elementor-top-section elementor-element elementor-element-41be1763 elementor-section-boxed elementor-section-height-default elementor-section-height-default\" data-id=\"41be1763\" data-element_type=\"section\">\n\t\t\t\t\t\t<div class=\"elementor-container elementor-column-gap-default\">\n\t\t\t\t\t<div class=\"elementor-column elementor-col-100 elementor-top-column elementor-element elementor-element-49f428c1\" data-id=\"49f428c1\" data-element_type=\"column\">\n\t\t\t<div class=\"elementor-widget-wrap elementor-element-populated\">\n\t\t\t\t\t\t<div class=\"elementor-element elementor-element-7123283e elementor-widget elementor-widget-text-editor\" data-id=\"7123283e\" data-element_type=\"widget\" data-widget_type=\"text-editor.default\">\n\t\t\t\t<div class=\"elementor-widget-container\">\n\t\t\t\t\t\t\t<h2>Nato Jazz Orchestra au Ch\u00e2teau de Chimay<\/h2><p><img fetchpriority=\"high\" src=\"https:\/\/chateaudechimay.be\/wp-content\/uploads\/2019\/07\/Affiche-shape-2020-1024x725.png\" sizes=\"(max-width: 800px) 100vw, 800px\" srcset=\"https:\/\/chateaudechimay.be\/wp-content\/uploads\/2019\/07\/Affiche-shape-2020-1024x725.png 1024w, https:\/\/chateaudechimay.be\/wp-content\/uploads\/2019\/07\/Affiche-shape-2020-300x213.png 300w, https:\/\/chateaudechimay.be\/wp-content\/uploads\/2019\/07\/Affiche-shape-2020-768x544.png 768w, https:\/\/chateaudechimay.be\/wp-content\/uploads\/2019\/07\/Affiche-shape-2020.png 1200w\" alt=\"Concert Shape 2019\" width=\"800\" height=\"566\" \/><br \/>Het Nato Jazz Orchestra bestaat uit 20-professionele militaire musici uit verschillende landen van Europa en de VS en heeft de \u201cbig band\u201d uit de swingperiode als voorbeeld.<br \/>Het diverse repertoire gaat van Count Basie en Glenn Miller tot hedendaagse componisten als Chick Corea, Joe Zawinul en Bob Mintzer.<\/p><p>\u00a0<\/p><section data-id=\"992b096\" data-element_type=\"section\"><h2><strong>TARIEVEN:<\/strong><\/h2><p>Concert : 35\u20ac per persoon<\/p><p>Concert + Diner : 95\u20ac per persoon<\/p><p>Een snack tijdens de pauze? U kunt op voorhand een broodje bestellen. Keuze uit: zalm en waterkers \/ rauwe ham en vijgen \/ geitenkaas en noten. Prijs: 5\u20ac<\/p><p>INFO &amp; RESERVATIES<\/p><h5><a href=\"mailto:EVENT@CHATEAUDECHIMAY.BE\">EVENT@CHATEAUDECHIMAY.BE\u00a0<\/a><\/h5><h5>+32 60 21 45 31<\/h5><\/section><section data-id=\"95202a4\" data-element_type=\"section\"><p>\u00a0<\/p><\/section>\t\t\t\t\t\t<\/div>\n\t\t\t\t<\/div>\n\t\t\t\t\t<\/div>\n\t\t<\/div>\n\t\t\t\t\t<\/div>\n\t\t<\/section>\n\t\t\t\t<section class=\"elementor-section elementor-top-section elementor-element elementor-element-a0d0e56 elementor-section-boxed elementor-section-height-default elementor-section-height-default\" data-id=\"a0d0e56\" data-element_type=\"section\">\n\t\t\t\t\t\t<div class=\"elementor-container elementor-column-gap-default\">\n\t\t\t\t\t<div class=\"elementor-column elementor-col-50 elementor-top-column elementor-element elementor-element-e99cdbf\" data-id=\"e99cdbf\" data-element_type=\"column\">\n\t\t\t<div class=\"elementor-widget-wrap elementor-element-populated\">\n\t\t\t\t\t\t<div class=\"elementor-element elementor-element-c28feb3 elementor-widget elementor-widget-heading\" data-id=\"c28feb3\" data-element_type=\"widget\" data-widget_type=\"heading.default\">\n\t\t\t\t<div class=\"elementor-widget-container\">\n\t\t\t<h2 class=\"elementor-heading-title elementor-size-default\">TICKETS :<\/h2>\t\t<\/div>\n\t\t\t\t<\/div>\n\t\t\t\t\t<\/div>\n\t\t<\/div>\n\t\t\t\t<div class=\"elementor-column elementor-col-50 elementor-top-column elementor-element elementor-element-fff0036\" data-id=\"fff0036\" data-element_type=\"column\">\n\t\t\t<div class=\"elementor-widget-wrap elementor-element-populated\">\n\t\t\t\t\t\t<div class=\"elementor-element elementor-element-6afb441 elementor-widget elementor-widget-button\" data-id=\"6afb441\" data-element_type=\"widget\" data-widget_type=\"button.default\">\n\t\t\t\t<div class=\"elementor-widget-container\">\n\t\t\t\t\t<div class=\"elementor-button-wrapper\">\n\t\t\t<a class=\"elementor-button elementor-button-link elementor-size-xl\" href=\"https:\/\/shop.chateaudechimay.be\/concerts\/tickets\/\">\n\t\t\t\t\t\t<span class=\"elementor-button-content-wrapper\">\n\t\t\t\t\t\t<span class=\"elementor-button-text\">Online Tickets<\/span>\n\t\t<\/span>\n\t\t\t\t\t<\/a>\n\t\t<\/div>\n\t\t\t\t<\/div>\n\t\t\t\t<\/div>\n\t\t\t\t\t<\/div>\n\t\t<\/div>\n\t\t\t\t\t<\/div>\n\t\t<\/section>\n\t\t\t\t<section class=\"elementor-section elementor-top-section elementor-element elementor-element-b7fe7cb elementor-section-boxed elementor-section-height-default elementor-section-height-default\" data-id=\"b7fe7cb\" data-element_type=\"section\">\n\t\t\t\t\t\t<div class=\"elementor-container elementor-column-gap-default\">\n\t\t\t\t\t<div class=\"elementor-column elementor-col-100 elementor-top-column elementor-element elementor-element-762a404\" data-id=\"762a404\" data-element_type=\"column\">\n\t\t\t<div class=\"elementor-widget-wrap elementor-element-populated\">\n\t\t\t\t\t\t<div class=\"elementor-element elementor-element-a7fd5ac elementor-widget elementor-widget-video\" data-id=\"a7fd5ac\" data-element_type=\"widget\" data-settings=\"{&quot;youtube_url&quot;:&quot;https:\\\/\\\/youtu.be\\\/f8AobKPd0WE&quot;,&quot;video_type&quot;:&quot;youtube&quot;,&quot;controls&quot;:&quot;yes&quot;}\" data-widget_type=\"video.default\">\n\t\t\t\t<div class=\"elementor-widget-container\">\n\t\t\t\t\t<div class=\"elementor-wrapper elementor-open-inline\">\n\t\t\t<div class=\"elementor-video\"><\/div>\t\t<\/div>\n\t\t\t\t<\/div>\n\t\t\t\t<\/div>\n\t\t\t\t\t<\/div>\n\t\t<\/div>\n\t\t\t\t\t<\/div>\n\t\t<\/section>\n\t\t\t\t<section class=\"elementor-section elementor-top-section elementor-element elementor-element-cb5264f elementor-section-boxed elementor-section-height-default elementor-section-height-default\" data-id=\"cb5264f\" data-element_type=\"section\">\n\t\t\t\t\t\t<div class=\"elementor-container elementor-column-gap-default\">\n\t\t\t\t\t<div class=\"elementor-column elementor-col-100 elementor-top-column elementor-element elementor-element-5e14b91\" data-id=\"5e14b91\" data-element_type=\"column\">\n\t\t\t<div class=\"elementor-widget-wrap elementor-element-populated\">\n\t\t\t\t\t\t<div class=\"elementor-element elementor-element-9c4cc61 elementor-widget elementor-widget-text-editor\" data-id=\"9c4cc61\" data-element_type=\"widget\" data-widget_type=\"text-editor.default\">\n\t\t\t\t<div class=\"elementor-widget-container\">\n\t\t\t\t\t\t\t<h3>Ontdek het wervelende ritme van een echte bigband in het uitzonderlijke kader van het theater van het Kasteel van Chimay<\/h3><p><img src=\"https:\/\/chateaudechimay.be\/wp-content\/uploads\/2018\/06\/IMG_0504-1024x683.jpg\" sizes=\"(max-width: 800px) 100vw, 800px\" srcset=\"https:\/\/chateaudechimay.be\/wp-content\/uploads\/2018\/06\/IMG_0504-1024x683.jpg 1024w, https:\/\/chateaudechimay.be\/wp-content\/uploads\/2018\/06\/IMG_0504-600x400.jpg 600w, https:\/\/chateaudechimay.be\/wp-content\/uploads\/2018\/06\/IMG_0504-300x200.jpg 300w, https:\/\/chateaudechimay.be\/wp-content\/uploads\/2018\/06\/IMG_0504-768x512.jpg 768w, https:\/\/chateaudechimay.be\/wp-content\/uploads\/2018\/06\/IMG_0504.jpg 800w\" alt=\"\" width=\"800\" height=\"534\" \/><\/p>\t\t\t\t\t\t<\/div>\n\t\t\t\t<\/div>\n\t\t\t\t\t<\/div>\n\t\t<\/div>\n\t\t\t\t\t<\/div>\n\t\t<\/section>\n\t\t\t\t<section class=\"elementor-section elementor-top-section elementor-element elementor-element-c2a8a1e elementor-section-boxed elementor-section-height-default elementor-section-height-default\" data-id=\"c2a8a1e\" data-element_type=\"section\">\n\t\t\t\t\t\t<div class=\"elementor-container elementor-column-gap-default\">\n\t\t\t\t\t<div class=\"elementor-column elementor-col-100 elementor-top-column elementor-element elementor-element-f95a663\" data-id=\"f95a663\" data-element_type=\"column\">\n\t\t\t<div class=\"elementor-widget-wrap elementor-element-populated\">\n\t\t\t\t\t\t<div class=\"elementor-element elementor-element-15fd7a5 elementor-widget elementor-widget-heading\" data-id=\"15fd7a5\" data-element_type=\"widget\" data-widget_type=\"heading.default\">\n\t\t\t\t<div class=\"elementor-widget-container\">\n\t\t\t<h2 class=\"elementor-heading-title elementor-size-default\">VUL UW CONCERTAVOND AAN MET EEN DINER IN HET RELAIS DES PRINCES<\/h2>\t\t<\/div>\n\t\t\t\t<\/div>\n\t\t\t\t\t<\/div>\n\t\t<\/div>\n\t\t\t\t\t<\/div>\n\t\t<\/section>\n\t\t\t\t<section class=\"elementor-section elementor-top-section elementor-element elementor-element-388af72 elementor-section-boxed elementor-section-height-default elementor-section-height-default\" data-id=\"388af72\" data-element_type=\"section\">\n\t\t\t\t\t\t<div class=\"elementor-container elementor-column-gap-default\">\n\t\t\t\t\t<div class=\"elementor-column elementor-col-100 elementor-top-column elementor-element elementor-element-1e9e4a5\" data-id=\"1e9e4a5\" data-element_type=\"column\">\n\t\t\t<div class=\"elementor-widget-wrap elementor-element-populated\">\n\t\t\t\t\t\t<div class=\"elementor-element elementor-element-2a683a1 elementor-widget elementor-widget-button\" data-id=\"2a683a1\" data-element_type=\"widget\" data-widget_type=\"button.default\">\n\t\t\t\t<div class=\"elementor-widget-container\">\n\t\t\t\t\t<div class=\"elementor-button-wrapper\">\n\t\t\t<a class=\"elementor-button elementor-button-link elementor-size-lg\" href=\"https:\/\/shop.chateaudechimay.be\/concert-shape-21-09-2019.html?id=189163249&#038;quantity=1\">\n\t\t\t\t\t\t<span class=\"elementor-button-content-wrapper\">\n\t\t\t\t\t\t<span class=\"elementor-button-text\">Tickets Concert & diner<\/span>\n\t\t<\/span>\n\t\t\t\t\t<\/a>\n\t\t<\/div>\n\t\t\t\t<\/div>\n\t\t\t\t<\/div>\n\t\t\t\t\t<\/div>\n\t\t<\/div>\n\t\t\t\t\t<\/div>\n\t\t<\/section>\n\t\t\t\t<section class=\"elementor-section elementor-top-section elementor-element elementor-element-ed57cb7 elementor-section-boxed elementor-section-height-default elementor-section-height-default\" data-id=\"ed57cb7\" data-element_type=\"section\">\n\t\t\t\t\t\t<div class=\"elementor-container elementor-column-gap-default\">\n\t\t\t\t\t<div class=\"elementor-column elementor-col-100 elementor-top-column elementor-element elementor-element-ccedd99\" data-id=\"ccedd99\" data-element_type=\"column\">\n\t\t\t<div class=\"elementor-widget-wrap elementor-element-populated\">\n\t\t\t\t\t\t<div class=\"elementor-element elementor-element-a3f3870 elementor-widget elementor-widget-text-editor\" data-id=\"a3f3870\" data-element_type=\"widget\" data-widget_type=\"text-editor.default\">\n\t\t\t\t<div class=\"elementor-widget-container\">\n\t\t\t\t\t\t\t<p><span style=\"font-weight: 400;\">Combineer muzikale en culinaire ontdekkingen en reserveer na het concert een tafel in het restaurant van het kasteel van Chimay. Lo\u00efc Pierard, de gerenommeerde chef van LO\u2019riginal, door de Michelingids gelauwerd met een BIBgourmand voor zijn moderne en vernieuwende aanpak van klassieke gerechten, kookt er met streekproducten de heerlijkste gerechten. Het authentieke kader met een hedendaagse toets vormt de perfecte setting voor zijn originele in traditie gewortelde keuken. Authentieke moderniteit is het motto van Relais des Princes.<\/span><\/p>\t\t\t\t\t\t<\/div>\n\t\t\t\t<\/div>\n\t\t\t\t\t<\/div>\n\t\t<\/div>\n\t\t\t\t\t<\/div>\n\t\t<\/section>\n\t\t\t\t<section class=\"elementor-section elementor-top-section elementor-element elementor-element-3f0646f elementor-section-boxed elementor-section-height-default elementor-section-height-default\" data-id=\"3f0646f\" data-element_type=\"section\">\n\t\t\t\t\t\t<div class=\"elementor-container elementor-column-gap-default\">\n\t\t\t\t\t<div class=\"elementor-column elementor-col-100 elementor-top-column elementor-element elementor-element-4421cfa\" data-id=\"4421cfa\" data-element_type=\"column\">\n\t\t\t<div class=\"elementor-widget-wrap elementor-element-populated\">\n\t\t\t\t\t\t<div class=\"elementor-element elementor-element-6d551a2 elementor-widget elementor-widget-image\" data-id=\"6d551a2\" data-element_type=\"widget\" data-widget_type=\"image.default\">\n\t\t\t\t<div class=\"elementor-widget-container\">\n\t\t\t\t\t\t\t\t\t\t\t\t\t<img width=\"525\" height=\"373\" src=\"https:\/\/chateaudechimay.be\/nl\/wp-content\/uploads\/sites\/2\/2019\/06\/flyers-concertdiner2.png\" class=\"attachment-large size-large wp-image-146\" alt=\"\" srcset=\"https:\/\/chateaudechimay.be\/nl\/wp-content\/uploads\/sites\/2\/2019\/06\/flyers-concertdiner2.png 525w, https:\/\/chateaudechimay.be\/nl\/wp-content\/uploads\/sites\/2\/2019\/06\/flyers-concertdiner2-300x213.png 300w\" sizes=\"(max-width: 525px) 100vw, 525px\" \/>\t\t\t\t\t\t\t\t\t\t\t\t\t<\/div>\n\t\t\t\t<\/div>\n\t\t\t\t\t<\/div>\n\t\t<\/div>\n\t\t\t\t\t<\/div>\n\t\t<\/section>\n\t\t\t\t<\/div>\n\t\t","protected":false},"excerpt":{"rendered":"<p>Nato Jazz Orchestra au Ch\u00e2teau de Chimay Het Nato Jazz Orchestra bestaat uit 20-professionele militaire musici uit verschillende landen van Europa en de VS en heeft de \u201cbig band\u201d uit &#8230;<\/p>\n","protected":false},"author":2,"featured_media":232,"comment_status":"closed","ping_status":"closed","sticky":false,"template":"","format":"standard","meta":{"_mi_skip_tracking":false},"categories":[6],"tags":[],"yoast_head":"<!-- This site is optimized with the Yoast SEO Premium plugin v20.2.1 (Yoast SEO v20.2.1) - https:\/\/yoast.com\/wordpress\/plugins\/seo\/ -->\n<title>Jazz - Shape International Band - 21\/9\/19 - Het Kasteel van Chimay<\/title>\n<meta name=\"robots\" content=\"index, follow, max-snippet:-1, max-image-preview:large, max-video-preview:-1\" \/>\n<link rel=\"canonical\" href=\"https:\/\/chateaudechimay.be\/nl\/concert-jazz-shape-international-band-21-9-19\/\" \/>\n<meta property=\"og:locale\" content=\"fr_FR\" \/>\n<meta property=\"og:type\" content=\"article\" \/>\n<meta property=\"og:title\" content=\"Jazz - Shape International Band - 21\/9\/19\" \/>\n<meta property=\"og:description\" content=\"Nato Jazz Orchestra au Ch\u00e2teau de Chimay Het Nato Jazz Orchestra bestaat uit 20-professionele militaire musici uit verschillende landen van Europa en de VS en heeft de \u201cbig band\u201d uit ...\" \/>\n<meta property=\"og:url\" content=\"https:\/\/chateaudechimay.be\/nl\/concert-jazz-shape-international-band-21-9-19\/\" \/>\n<meta property=\"og:site_name\" content=\"Het Kasteel van Chimay\" \/>\n<meta property=\"article:published_time\" content=\"2019-06-24T15:00:20+00:00\" \/>\n<meta property=\"article:modified_time\" content=\"2020-03-12T13:50:04+00:00\" \/>\n<meta property=\"og:image\" content=\"https:\/\/chateaudechimay.be\/nl\/wp-content\/uploads\/sites\/2\/2019\/06\/33784209_1973079089430975_8140486631208517632_n.jpg\" \/>\n\t<meta property=\"og:image:width\" content=\"960\" \/>\n\t<meta property=\"og:image:height\" content=\"720\" \/>\n\t<meta property=\"og:image:type\" content=\"image\/jpeg\" \/>\n<meta name=\"author\" content=\"Anne Herno\u00eb\" \/>\n<meta name=\"twitter:card\" content=\"summary_large_image\" \/>\n<meta name=\"twitter:label1\" content=\"\u00c9crit par\" \/>\n\t<meta name=\"twitter:data1\" content=\"Anne Herno\u00eb\" \/>\n\t<meta name=\"twitter:label2\" content=\"Dur\u00e9e de lecture estim\u00e9e\" \/>\n\t<meta name=\"twitter:data2\" content=\"1 minute\" \/>\n<script type=\"application\/ld+json\" class=\"yoast-schema-graph\">{\"@context\":\"https:\/\/schema.org\",\"@graph\":[{\"@type\":\"WebPage\",\"@id\":\"https:\/\/chateaudechimay.be\/nl\/concert-jazz-shape-international-band-21-9-19\/\",\"url\":\"https:\/\/chateaudechimay.be\/nl\/concert-jazz-shape-international-band-21-9-19\/\",\"name\":\"Jazz - Shape International Band - 21\/9\/19 - Het Kasteel van Chimay\",\"isPartOf\":{\"@id\":\"https:\/\/chateaudechimay.be\/nl\/#website\"},\"datePublished\":\"2019-06-24T15:00:20+00:00\",\"dateModified\":\"2020-03-12T13:50:04+00:00\",\"author\":{\"@id\":\"https:\/\/chateaudechimay.be\/nl\/#\/schema\/person\/5af035222b502fbae66cded4e925abfa\"},\"breadcrumb\":{\"@id\":\"https:\/\/chateaudechimay.be\/nl\/concert-jazz-shape-international-band-21-9-19\/#breadcrumb\"},\"inLanguage\":\"fr-FR\",\"potentialAction\":[{\"@type\":\"ReadAction\",\"target\":[\"https:\/\/chateaudechimay.be\/nl\/concert-jazz-shape-international-band-21-9-19\/\"]}]},{\"@type\":\"BreadcrumbList\",\"@id\":\"https:\/\/chateaudechimay.be\/nl\/concert-jazz-shape-international-band-21-9-19\/#breadcrumb\",\"itemListElement\":[{\"@type\":\"ListItem\",\"position\":1,\"name\":\"Accueil\",\"item\":\"https:\/\/chateaudechimay.be\/nl\/\"},{\"@type\":\"ListItem\",\"position\":2,\"name\":\"Jazz &#8211; Shape International Band &#8211; 21\/9\/19\"}]},{\"@type\":\"WebSite\",\"@id\":\"https:\/\/chateaudechimay.be\/nl\/#website\",\"url\":\"https:\/\/chateaudechimay.be\/nl\/\",\"name\":\"Het Kasteel van Chimay\",\"description\":\"Ontdek geschiedenis van het Kasteel van Chimay\",\"potentialAction\":[{\"@type\":\"SearchAction\",\"target\":{\"@type\":\"EntryPoint\",\"urlTemplate\":\"https:\/\/chateaudechimay.be\/nl\/?s={search_term_string}\"},\"query-input\":\"required name=search_term_string\"}],\"inLanguage\":\"fr-FR\"},{\"@type\":\"Person\",\"@id\":\"https:\/\/chateaudechimay.be\/nl\/#\/schema\/person\/5af035222b502fbae66cded4e925abfa\",\"name\":\"Anne Herno\u00eb\",\"image\":{\"@type\":\"ImageObject\",\"inLanguage\":\"fr-FR\",\"@id\":\"https:\/\/chateaudechimay.be\/nl\/#\/schema\/person\/image\/\",\"url\":\"https:\/\/secure.gravatar.com\/avatar\/1cad7cab5e51db0d77ddc60cfd9a5e7c?s=96&d=mm&r=g\",\"contentUrl\":\"https:\/\/secure.gravatar.com\/avatar\/1cad7cab5e51db0d77ddc60cfd9a5e7c?s=96&d=mm&r=g\",\"caption\":\"Anne Herno\u00eb\"},\"url\":\"https:\/\/chateaudechimay.be\/nl\/author\/anneh\/\"}]}<\/script>\n<!-- \/ Yoast SEO Premium plugin. -->","yoast_head_json":{"title":"Jazz - Shape International Band - 21\/9\/19 - Het Kasteel van Chimay","robots":{"index":"index","follow":"follow","max-snippet":"max-snippet:-1","max-image-preview":"max-image-preview:large","max-video-preview":"max-video-preview:-1"},"canonical":"https:\/\/chateaudechimay.be\/nl\/concert-jazz-shape-international-band-21-9-19\/","og_locale":"fr_FR","og_type":"article","og_title":"Jazz - Shape International Band - 21\/9\/19","og_description":"Nato Jazz Orchestra au Ch\u00e2teau de Chimay Het Nato Jazz Orchestra bestaat uit 20-professionele militaire musici uit verschillende landen van Europa en de VS en heeft de \u201cbig band\u201d uit ...","og_url":"https:\/\/chateaudechimay.be\/nl\/concert-jazz-shape-international-band-21-9-19\/","og_site_name":"Het Kasteel van Chimay","article_published_time":"2019-06-24T15:00:20+00:00","article_modified_time":"2020-03-12T13:50:04+00:00","og_image":[{"width":960,"height":720,"url":"https:\/\/chateaudechimay.be\/nl\/wp-content\/uploads\/sites\/2\/2019\/06\/33784209_1973079089430975_8140486631208517632_n.jpg","type":"image\/jpeg"}],"author":"Anne Herno\u00eb","twitter_card":"summary_large_image","twitter_misc":{"\u00c9crit par":"Anne Herno\u00eb","Dur\u00e9e de lecture estim\u00e9e":"1 minute"},"schema":{"@context":"https:\/\/schema.org","@graph":[{"@type":"WebPage","@id":"https:\/\/chateaudechimay.be\/nl\/concert-jazz-shape-international-band-21-9-19\/","url":"https:\/\/chateaudechimay.be\/nl\/concert-jazz-shape-international-band-21-9-19\/","name":"Jazz - Shape International Band - 21\/9\/19 - Het Kasteel van Chimay","isPartOf":{"@id":"https:\/\/chateaudechimay.be\/nl\/#website"},"datePublished":"2019-06-24T15:00:20+00:00","dateModified":"2020-03-12T13:50:04+00:00","author":{"@id":"https:\/\/chateaudechimay.be\/nl\/#\/schema\/person\/5af035222b502fbae66cded4e925abfa"},"breadcrumb":{"@id":"https:\/\/chateaudechimay.be\/nl\/concert-jazz-shape-international-band-21-9-19\/#breadcrumb"},"inLanguage":"fr-FR","potentialAction":[{"@type":"ReadAction","target":["https:\/\/chateaudechimay.be\/nl\/concert-jazz-shape-international-band-21-9-19\/"]}]},{"@type":"BreadcrumbList","@id":"https:\/\/chateaudechimay.be\/nl\/concert-jazz-shape-international-band-21-9-19\/#breadcrumb","itemListElement":[{"@type":"ListItem","position":1,"name":"Accueil","item":"https:\/\/chateaudechimay.be\/nl\/"},{"@type":"ListItem","position":2,"name":"Jazz &#8211; Shape International Band &#8211; 21\/9\/19"}]},{"@type":"WebSite","@id":"https:\/\/chateaudechimay.be\/nl\/#website","url":"https:\/\/chateaudechimay.be\/nl\/","name":"Het Kasteel van Chimay","description":"Ontdek geschiedenis van het Kasteel van Chimay","potentialAction":[{"@type":"SearchAction","target":{"@type":"EntryPoint","urlTemplate":"https:\/\/chateaudechimay.be\/nl\/?s={search_term_string}"},"query-input":"required name=search_term_string"}],"inLanguage":"fr-FR"},{"@type":"Person","@id":"https:\/\/chateaudechimay.be\/nl\/#\/schema\/person\/5af035222b502fbae66cded4e925abfa","name":"Anne Herno\u00eb","image":{"@type":"ImageObject","inLanguage":"fr-FR","@id":"https:\/\/chateaudechimay.be\/nl\/#\/schema\/person\/image\/","url":"https:\/\/secure.gravatar.com\/avatar\/1cad7cab5e51db0d77ddc60cfd9a5e7c?s=96&d=mm&r=g","contentUrl":"https:\/\/secure.gravatar.com\/avatar\/1cad7cab5e51db0d77ddc60cfd9a5e7c?s=96&d=mm&r=g","caption":"Anne Herno\u00eb"},"url":"https:\/\/chateaudechimay.be\/nl\/author\/anneh\/"}]}},"_links":{"self":[{"href":"https:\/\/chateaudechimay.be\/nl\/wp-json\/wp\/v2\/posts\/131"}],"collection":[{"href":"https:\/\/chateaudechimay.be\/nl\/wp-json\/wp\/v2\/posts"}],"about":[{"href":"https:\/\/chateaudechimay.be\/nl\/wp-json\/wp\/v2\/types\/post"}],"author":[{"embeddable":true,"href":"https:\/\/chateaudechimay.be\/nl\/wp-json\/wp\/v2\/users\/2"}],"replies":[{"embeddable":true,"href":"https:\/\/chateaudechimay.be\/nl\/wp-json\/wp\/v2\/comments?post=131"}],"version-history":[{"count":13,"href":"https:\/\/chateaudechimay.be\/nl\/wp-json\/wp\/v2\/posts\/131\/revisions"}],"predecessor-version":[{"id":415,"href":"https:\/\/chateaudechimay.be\/nl\/wp-json\/wp\/v2\/posts\/131\/revisions\/415"}],"wp:featuredmedia":[{"embeddable":true,"href":"https:\/\/chateaudechimay.be\/nl\/wp-json\/wp\/v2\/media\/232"}],"wp:attachment":[{"href":"https:\/\/chateaudechimay.be\/nl\/wp-json\/wp\/v2\/media?parent=131"}],"wp:term":[{"taxonomy":"category","embeddable":true,"href":"https:\/\/chateaudechimay.be\/nl\/wp-json\/wp\/v2\/categories?post=131"},{"taxonomy":"post_tag","embeddable":true,"href":"https:\/\/chateaudechimay.be\/nl\/wp-json\/wp\/v2\/tags?post=131"}],"curies":[{"name":"wp","href":"https:\/\/api.w.org\/{rel}","templated":true}]}}