{"id":1394,"date":"2025-03-21T09:56:14","date_gmt":"2025-03-21T08:56:14","guid":{"rendered":"https:\/\/chateaudechimay.be\/nl\/?p=1394"},"modified":"2025-03-21T15:55:44","modified_gmt":"2025-03-21T14:55:44","slug":"lente-van-stemmen-zaterdag-12-april-2025-om-19-30-uur","status":"publish","type":"post","link":"https:\/\/chateaudechimay.be\/nl\/lente-van-stemmen-zaterdag-12-april-2025-om-19-30-uur\/","title":{"rendered":"Lente van stemmen &#8211; Zaterdag 12 april 2025 om 19.30 uur"},"content":{"rendered":"\t\t<div data-elementor-type=\"wp-post\" data-elementor-id=\"1394\" class=\"elementor elementor-1394\">\n\t\t\t\t\t\t<section class=\"elementor-section elementor-top-section elementor-element elementor-element-635196c4 elementor-section-boxed elementor-section-height-default elementor-section-height-default\" data-id=\"635196c4\" data-element_type=\"section\">\n\t\t\t\t\t\t<div class=\"elementor-container elementor-column-gap-default\">\n\t\t\t\t\t<div class=\"elementor-column elementor-col-100 elementor-top-column elementor-element elementor-element-27d6f795\" data-id=\"27d6f795\" data-element_type=\"column\">\n\t\t\t<div class=\"elementor-widget-wrap elementor-element-populated\">\n\t\t\t\t\t\t<div class=\"elementor-element elementor-element-555c8dcb elementor-widget elementor-widget-heading\" data-id=\"555c8dcb\" data-element_type=\"widget\" data-widget_type=\"heading.default\">\n\t\t\t\t<div class=\"elementor-widget-container\">\n\t\t\t<h2 class=\"elementor-heading-title elementor-size-default\">CONCERT: OPERA-ARIA'S<\/h2>\t\t<\/div>\n\t\t\t\t<\/div>\n\t\t\t\t<div class=\"elementor-element elementor-element-8f3b3f1 elementor-widget elementor-widget-text-editor\" data-id=\"8f3b3f1\" data-element_type=\"widget\" data-widget_type=\"text-editor.default\">\n\t\t\t\t<div class=\"elementor-widget-container\">\n\t\t\t\t\t\t\t<p>Het Concert du Printemps des Voix maakt sinds 2019 deel uit van het artistieke seizoen in Ch\u00e2teau de Chimay. Dit concert, een niet te missen evenement voor operaliefhebbers, wordt gegeven aan het einde van de Masterclass Lyrische Kunst, waar enkele bevoorrechte studenten de kans hebben gekregen om hun rollen en repertoire te perfectioneren onder begeleiding van gerenommeerde docenten.<\/p><p>Na deelname aan deze Masterclass, onder leiding van sopraan Christine Schweitzer en pianist Nikita Sorokine, zullen de jonge operazangers in ons prachtige monumentale theater verschillende aria&#8217;s en duetten van Mozart, Rossini, Donizetti en Verdi ten gehore brengen.<\/p>\t\t\t\t\t\t<\/div>\n\t\t\t\t<\/div>\n\t\t\t\t<div class=\"elementor-element elementor-element-8249ac9 elementor-widget elementor-widget-heading\" data-id=\"8249ac9\" data-element_type=\"widget\" data-widget_type=\"heading.default\">\n\t\t\t\t<div class=\"elementor-widget-container\">\n\t\t\t<h4 class=\"elementor-heading-title elementor-size-default\">De Masterclass<\/h4>\t\t<\/div>\n\t\t\t\t<\/div>\n\t\t\t\t<div class=\"elementor-element elementor-element-f02a0a6 elementor-widget elementor-widget-text-editor\" data-id=\"f02a0a6\" data-element_type=\"widget\" data-widget_type=\"text-editor.default\">\n\t\t\t\t<div class=\"elementor-widget-container\">\n\t\t\t\t\t\t\t<p>Deze Masterclass Opera Performance is bedoeld voor operazangers die hun professionele carri\u00e8re al zijn begonnen, maar ook voor beginnende operazangers. Deze artiesten willen zich voorbereiden op hun rollen of hun auditie- en concoursrepertoire perfectioneren. De Masterclass wordt geleid door <a href=\"https:\/\/www.arteliricaparis.com\/biographie-christine-schweitzer\">Christine Schweitzer<\/a>, sopraan en zangdocent, en <a href=\"https:\/\/sorokin.art\/\">Nikita Sorokine<\/a>, pianobegeleider.<\/p><p>In de specifieke oefening van de opera Masterclass profiteert elke zanger niet alleen van de individuele dagelijkse training, maar ook van de tijd die wordt besteed aan het luisteren naar de andere zangers en het advies dat ze krijgen. Luistertijd is een belangrijk onderdeel van de Masterclass, waarin deelnemers zich vertrouwd maken met de algemene inhoud van de lessen van de docent en met de stemmen van de andere zangers (andere tessituren, andere repertoires, etc.).<\/p><p>De Masterclass wordt georganiseerd rond een klein aantal deelnemers, zodat zang- en interpretatieproblemen diepgaand kunnen worden aangepakt.<\/p><p>Voor meer informatie over de organisatie van de Masterclass:\u00a0<a style=\"background-color: #ffffff;font-size: 0.875rem\" href=\"https:\/\/www.arteliricaparis.com\/historique-masterclasses-schweitzer\" target=\"_blank\" rel=\"noopener\">https:\/\/www.arteliricaparis.com\/historique-masterclasses-schweitzer<\/a><\/p>\t\t\t\t\t\t<\/div>\n\t\t\t\t<\/div>\n\t\t\t\t\t<\/div>\n\t\t<\/div>\n\t\t\t\t\t<\/div>\n\t\t<\/section>\n\t\t\t\t<section class=\"elementor-section elementor-top-section elementor-element elementor-element-8fc0188 elementor-section-boxed elementor-section-height-default elementor-section-height-default\" data-id=\"8fc0188\" data-element_type=\"section\">\n\t\t\t\t\t\t<div class=\"elementor-container elementor-column-gap-default\">\n\t\t\t\t\t<div class=\"elementor-column elementor-col-100 elementor-top-column elementor-element elementor-element-71ec1975\" data-id=\"71ec1975\" data-element_type=\"column\">\n\t\t\t<div class=\"elementor-widget-wrap elementor-element-populated\">\n\t\t\t\t\t\t<div class=\"elementor-element elementor-element-50ad5a84 elementor-widget-divider--view-line elementor-widget elementor-widget-divider\" data-id=\"50ad5a84\" data-element_type=\"widget\" data-widget_type=\"divider.default\">\n\t\t\t\t<div class=\"elementor-widget-container\">\n\t\t\t\t\t<div class=\"elementor-divider\">\n\t\t\t<span class=\"elementor-divider-separator\">\n\t\t\t\t\t\t<\/span>\n\t\t<\/div>\n\t\t\t\t<\/div>\n\t\t\t\t<\/div>\n\t\t\t\t\t<\/div>\n\t\t<\/div>\n\t\t\t\t\t<\/div>\n\t\t<\/section>\n\t\t\t\t<section class=\"elementor-section elementor-top-section elementor-element elementor-element-c07ef12 elementor-section-boxed elementor-section-height-default elementor-section-height-default\" data-id=\"c07ef12\" data-element_type=\"section\">\n\t\t\t\t\t\t<div class=\"elementor-container elementor-column-gap-default\">\n\t\t\t\t\t<div class=\"elementor-column elementor-col-100 elementor-top-column elementor-element elementor-element-10cca0c2\" data-id=\"10cca0c2\" data-element_type=\"column\">\n\t\t\t<div class=\"elementor-widget-wrap elementor-element-populated\">\n\t\t\t\t\t\t<div class=\"elementor-element elementor-element-112a1f54 elementor-widget elementor-widget-heading\" data-id=\"112a1f54\" data-element_type=\"widget\" data-widget_type=\"heading.default\">\n\t\t\t\t<div class=\"elementor-widget-container\">\n\t\t\t<h2 class=\"elementor-heading-title elementor-size-default\">PROGRAMMA<\/h2>\t\t<\/div>\n\t\t\t\t<\/div>\n\t\t\t\t\t<\/div>\n\t\t<\/div>\n\t\t\t\t\t<\/div>\n\t\t<\/section>\n\t\t\t\t<section class=\"elementor-section elementor-top-section elementor-element elementor-element-2737340e elementor-section-boxed elementor-section-height-default elementor-section-height-default\" data-id=\"2737340e\" data-element_type=\"section\">\n\t\t\t\t\t\t<div class=\"elementor-container elementor-column-gap-default\">\n\t\t\t\t\t<div class=\"elementor-column elementor-col-100 elementor-top-column elementor-element elementor-element-7d8821fd\" data-id=\"7d8821fd\" data-element_type=\"column\">\n\t\t\t<div class=\"elementor-widget-wrap elementor-element-populated\">\n\t\t\t\t\t\t<div class=\"elementor-element elementor-element-2bd770ac elementor-widget elementor-widget-text-editor\" data-id=\"2bd770ac\" data-element_type=\"widget\" data-widget_type=\"text-editor.default\">\n\t\t\t\t<div class=\"elementor-widget-container\">\n\t\t\t\t\t\t\t<p>De deelnemers aan de Masterclass zijn van verschillende tessituren.<\/p><p>Docenten Christine Schweitzer en Nikita Sorokine gaan daarom het programma voor het concert opstellen aan de hand van de kenmerken van elke aanwezige artiest.<\/p><p>Het programma wordt hier kort voor het concert bekend gemaakt.<\/p>\t\t\t\t\t\t<\/div>\n\t\t\t\t<\/div>\n\t\t\t\t<div class=\"elementor-element elementor-element-e1e140c elementor-widget elementor-widget-heading\" data-id=\"e1e140c\" data-element_type=\"widget\" data-widget_type=\"heading.default\">\n\t\t\t\t<div class=\"elementor-widget-container\">\n\t\t\t<h4 class=\"elementor-heading-title elementor-size-default\">Springtime of Voices slotconcert<\/h4>\t\t<\/div>\n\t\t\t\t<\/div>\n\t\t\t\t<div class=\"elementor-element elementor-element-0758574 elementor-widget elementor-widget-text-editor\" data-id=\"0758574\" data-element_type=\"widget\" data-widget_type=\"text-editor.default\">\n\t\t\t\t<div class=\"elementor-widget-container\">\n\t\t\t\t\t\t\t<p>Programma volgt nog.<\/p>\t\t\t\t\t\t<\/div>\n\t\t\t\t<\/div>\n\t\t\t\t\t<\/div>\n\t\t<\/div>\n\t\t\t\t\t<\/div>\n\t\t<\/section>\n\t\t\t\t<section class=\"elementor-section elementor-top-section elementor-element elementor-element-7bd72db2 elementor-section-boxed elementor-section-height-default elementor-section-height-default\" data-id=\"7bd72db2\" data-element_type=\"section\">\n\t\t\t\t\t\t<div class=\"elementor-container elementor-column-gap-default\">\n\t\t\t\t\t<div class=\"elementor-column elementor-col-100 elementor-top-column elementor-element elementor-element-1bc365c3\" data-id=\"1bc365c3\" data-element_type=\"column\">\n\t\t\t<div class=\"elementor-widget-wrap elementor-element-populated\">\n\t\t\t\t\t\t<div class=\"elementor-element elementor-element-1b236bb2 elementor-widget-divider--view-line elementor-widget elementor-widget-divider\" data-id=\"1b236bb2\" data-element_type=\"widget\" data-widget_type=\"divider.default\">\n\t\t\t\t<div class=\"elementor-widget-container\">\n\t\t\t\t\t<div class=\"elementor-divider\">\n\t\t\t<span class=\"elementor-divider-separator\">\n\t\t\t\t\t\t<\/span>\n\t\t<\/div>\n\t\t\t\t<\/div>\n\t\t\t\t<\/div>\n\t\t\t\t\t<\/div>\n\t\t<\/div>\n\t\t\t\t\t<\/div>\n\t\t<\/section>\n\t\t\t\t<section class=\"elementor-section elementor-top-section elementor-element elementor-element-c640961 elementor-section-boxed elementor-section-height-default elementor-section-height-default\" data-id=\"c640961\" data-element_type=\"section\">\n\t\t\t\t\t\t<div class=\"elementor-container elementor-column-gap-default\">\n\t\t\t\t\t<div class=\"elementor-column elementor-col-100 elementor-top-column elementor-element elementor-element-40eb7127\" data-id=\"40eb7127\" data-element_type=\"column\">\n\t\t\t<div class=\"elementor-widget-wrap elementor-element-populated\">\n\t\t\t\t\t\t<div class=\"elementor-element elementor-element-2626e3e9 elementor-widget elementor-widget-heading\" data-id=\"2626e3e9\" data-element_type=\"widget\" data-widget_type=\"heading.default\">\n\t\t\t\t<div class=\"elementor-widget-container\">\n\t\t\t<h2 class=\"elementor-heading-title elementor-size-default\">TARIEF<\/h2>\t\t<\/div>\n\t\t\t\t<\/div>\n\t\t\t\t\t<\/div>\n\t\t<\/div>\n\t\t\t\t\t<\/div>\n\t\t<\/section>\n\t\t\t\t<section class=\"elementor-section elementor-top-section elementor-element elementor-element-c6875ef elementor-section-boxed elementor-section-height-default elementor-section-height-default\" data-id=\"c6875ef\" data-element_type=\"section\">\n\t\t\t\t\t\t<div class=\"elementor-container elementor-column-gap-default\">\n\t\t\t\t\t<div class=\"elementor-column elementor-col-100 elementor-top-column elementor-element elementor-element-5e3ea9d0\" data-id=\"5e3ea9d0\" data-element_type=\"column\">\n\t\t\t<div class=\"elementor-widget-wrap elementor-element-populated\">\n\t\t\t\t\t\t<div class=\"elementor-element elementor-element-139cf730 elementor-widget elementor-widget-text-editor\" data-id=\"139cf730\" data-element_type=\"widget\" data-widget_type=\"text-editor.default\">\n\t\t\t\t<div class=\"elementor-widget-container\">\n\t\t\t\t\t\t\t<p><span style=\"color: #333333;font-family: Helvetica;font-size: 1.25rem;font-weight: 600\">32\u20ac \/ Volwassene<br \/>30\u20ac \/ Senior (+60 jaar)<br \/>15\u20ac \/ Jonge (onder 25)<\/span><\/p>\t\t\t\t\t\t<\/div>\n\t\t\t\t<\/div>\n\t\t\t\t\t<\/div>\n\t\t<\/div>\n\t\t\t\t\t<\/div>\n\t\t<\/section>\n\t\t\t\t<section class=\"elementor-section elementor-top-section elementor-element elementor-element-3f5e58c3 elementor-section-boxed elementor-section-height-default elementor-section-height-default\" data-id=\"3f5e58c3\" data-element_type=\"section\">\n\t\t\t\t\t\t<div class=\"elementor-container elementor-column-gap-default\">\n\t\t\t\t\t<div class=\"elementor-column elementor-col-100 elementor-top-column elementor-element elementor-element-4f6bb441\" data-id=\"4f6bb441\" data-element_type=\"column\">\n\t\t\t<div class=\"elementor-widget-wrap elementor-element-populated\">\n\t\t\t\t\t\t<div class=\"elementor-element elementor-element-2b149173 elementor-widget-divider--view-line elementor-widget elementor-widget-divider\" data-id=\"2b149173\" data-element_type=\"widget\" data-widget_type=\"divider.default\">\n\t\t\t\t<div class=\"elementor-widget-container\">\n\t\t\t\t\t<div class=\"elementor-divider\">\n\t\t\t<span class=\"elementor-divider-separator\">\n\t\t\t\t\t\t<\/span>\n\t\t<\/div>\n\t\t\t\t<\/div>\n\t\t\t\t<\/div>\n\t\t\t\t\t<\/div>\n\t\t<\/div>\n\t\t\t\t\t<\/div>\n\t\t<\/section>\n\t\t\t\t<section class=\"elementor-section elementor-top-section elementor-element elementor-element-2ec594be elementor-section-boxed elementor-section-height-default elementor-section-height-default\" data-id=\"2ec594be\" data-element_type=\"section\">\n\t\t\t\t\t\t<div class=\"elementor-container elementor-column-gap-default\">\n\t\t\t\t\t<div class=\"elementor-column elementor-col-100 elementor-top-column elementor-element elementor-element-516046af\" data-id=\"516046af\" data-element_type=\"column\">\n\t\t\t<div class=\"elementor-widget-wrap elementor-element-populated\">\n\t\t\t\t\t\t<div class=\"elementor-element elementor-element-16e05ce5 elementor-widget elementor-widget-heading\" data-id=\"16e05ce5\" data-element_type=\"widget\" data-widget_type=\"heading.default\">\n\t\t\t\t<div class=\"elementor-widget-container\">\n\t\t\t<h2 class=\"elementor-heading-title elementor-size-default\">TICKETS<\/h2>\t\t<\/div>\n\t\t\t\t<\/div>\n\t\t\t\t\t<\/div>\n\t\t<\/div>\n\t\t\t\t\t<\/div>\n\t\t<\/section>\n\t\t\t\t<section class=\"elementor-section elementor-top-section elementor-element elementor-element-9ddb26 elementor-section-content-middle elementor-section-boxed elementor-section-height-default elementor-section-height-default\" data-id=\"9ddb26\" data-element_type=\"section\">\n\t\t\t\t\t\t<div class=\"elementor-container elementor-column-gap-default\">\n\t\t\t\t\t<div class=\"elementor-column elementor-col-100 elementor-top-column elementor-element elementor-element-652df070\" data-id=\"652df070\" data-element_type=\"column\">\n\t\t\t<div class=\"elementor-widget-wrap elementor-element-populated\">\n\t\t\t\t\t\t<div class=\"elementor-element elementor-element-d852c4b elementor-align-center elementor-widget elementor-widget-button\" data-id=\"d852c4b\" data-element_type=\"widget\" data-widget_type=\"button.default\">\n\t\t\t\t<div class=\"elementor-widget-container\">\n\t\t\t\t\t<div class=\"elementor-button-wrapper\">\n\t\t\t<a class=\"elementor-button elementor-button-link elementor-size-xl\" href=\"https:\/\/www.event.chateaudechimay.be\/event\">\n\t\t\t\t\t\t<span class=\"elementor-button-content-wrapper\">\n\t\t\t\t\t\t<span class=\"elementor-button-text\">Online tickets bestellen<\/span>\n\t\t<\/span>\n\t\t\t\t\t<\/a>\n\t\t<\/div>\n\t\t\t\t<\/div>\n\t\t\t\t<\/div>\n\t\t\t\t\t<\/div>\n\t\t<\/div>\n\t\t\t\t\t<\/div>\n\t\t<\/section>\n\t\t\t\t<section class=\"elementor-section elementor-top-section elementor-element elementor-element-2758e0b3 elementor-section-boxed elementor-section-height-default elementor-section-height-default\" data-id=\"2758e0b3\" data-element_type=\"section\">\n\t\t\t\t\t\t<div class=\"elementor-container elementor-column-gap-default\">\n\t\t\t\t\t<div class=\"elementor-column elementor-col-100 elementor-top-column elementor-element elementor-element-27bfd611\" data-id=\"27bfd611\" data-element_type=\"column\">\n\t\t\t<div class=\"elementor-widget-wrap elementor-element-populated\">\n\t\t\t\t\t\t<div class=\"elementor-element elementor-element-60631c3e elementor-widget-divider--view-line elementor-widget elementor-widget-divider\" data-id=\"60631c3e\" data-element_type=\"widget\" data-widget_type=\"divider.default\">\n\t\t\t\t<div class=\"elementor-widget-container\">\n\t\t\t\t\t<div class=\"elementor-divider\">\n\t\t\t<span class=\"elementor-divider-separator\">\n\t\t\t\t\t\t<\/span>\n\t\t<\/div>\n\t\t\t\t<\/div>\n\t\t\t\t<\/div>\n\t\t\t\t\t<\/div>\n\t\t<\/div>\n\t\t\t\t\t<\/div>\n\t\t<\/section>\n\t\t\t\t<section class=\"elementor-section elementor-top-section elementor-element elementor-element-1c46076b elementor-section-boxed elementor-section-height-default elementor-section-height-default\" data-id=\"1c46076b\" data-element_type=\"section\">\n\t\t\t\t\t\t<div class=\"elementor-container elementor-column-gap-default\">\n\t\t\t\t\t<div class=\"elementor-column elementor-col-100 elementor-top-column elementor-element elementor-element-fd9788a\" data-id=\"fd9788a\" data-element_type=\"column\">\n\t\t\t<div class=\"elementor-widget-wrap elementor-element-populated\">\n\t\t\t\t\t\t<div class=\"elementor-element elementor-element-4b85e1dd elementor-widget elementor-widget-heading\" data-id=\"4b85e1dd\" data-element_type=\"widget\" data-widget_type=\"heading.default\">\n\t\t\t\t<div class=\"elementor-widget-container\">\n\t\t\t<h2 class=\"elementor-heading-title elementor-size-default\">DE LEERLINGEN<\/h2>\t\t<\/div>\n\t\t\t\t<\/div>\n\t\t\t\t\t<\/div>\n\t\t<\/div>\n\t\t\t\t\t<\/div>\n\t\t<\/section>\n\t\t\t\t<section class=\"elementor-section elementor-top-section elementor-element elementor-element-41b464fb elementor-section-boxed elementor-section-height-default elementor-section-height-default\" data-id=\"41b464fb\" data-element_type=\"section\">\n\t\t\t\t\t\t<div class=\"elementor-container elementor-column-gap-default\">\n\t\t\t\t\t<div class=\"elementor-column elementor-col-100 elementor-top-column elementor-element elementor-element-586a6469\" data-id=\"586a6469\" data-element_type=\"column\">\n\t\t\t<div class=\"elementor-widget-wrap elementor-element-populated\">\n\t\t\t\t\t\t<div class=\"elementor-element elementor-element-3250c7b elementor-widget elementor-widget-heading\" data-id=\"3250c7b\" data-element_type=\"widget\" data-widget_type=\"heading.default\">\n\t\t\t\t<div class=\"elementor-widget-container\">\n\t\t\t<h4 class=\"elementor-heading-title elementor-size-default\">Christine Schweitzer, sopraan<\/h4>\t\t<\/div>\n\t\t\t\t<\/div>\n\t\t\t\t<div class=\"elementor-element elementor-element-1175d30a elementor-widget elementor-widget-image\" data-id=\"1175d30a\" data-element_type=\"widget\" data-widget_type=\"image.default\">\n\t\t\t\t<div class=\"elementor-widget-container\">\n\t\t\t\t\t\t\t\t\t\t\t\t\t<img fetchpriority=\"high\" width=\"217\" height=\"300\" src=\"https:\/\/chateaudechimay.be\/nl\/wp-content\/uploads\/sites\/2\/2022\/02\/Christine-Schweitzer-090-Alex-217x300.png\" class=\"attachment-medium size-medium wp-image-716\" alt=\"Christine-Schweitzer\" srcset=\"https:\/\/chateaudechimay.be\/nl\/wp-content\/uploads\/sites\/2\/2022\/02\/Christine-Schweitzer-090-Alex-217x300.png 217w, https:\/\/chateaudechimay.be\/nl\/wp-content\/uploads\/sites\/2\/2022\/02\/Christine-Schweitzer-090-Alex.png 484w\" sizes=\"(max-width: 217px) 100vw, 217px\" \/>\t\t\t\t\t\t\t\t\t\t\t\t\t<\/div>\n\t\t\t\t<\/div>\n\t\t\t\t<div class=\"elementor-element elementor-element-427f98f0 elementor-widget elementor-widget-text-editor\" data-id=\"427f98f0\" data-element_type=\"widget\" data-widget_type=\"text-editor.default\">\n\t\t\t\t<div class=\"elementor-widget-container\">\n\t\t\t\t\t\t\t<p>Christine Schweitzer&#8217;s carri\u00e8re als dramatische sopraan strekt zich uit over het romantische operarepertoire, met name Verdiaans en Wagneriaans, evenals het concert- en oratoriumrepertoire. Als trouwe erfgenaam van de lessen van Maestro Gino Bechi, die ze negen jaar lang volgde, bereidde ze recent haar Italiaanse rollen voor met Leyla Gencer aan La Scala in Milaan.<\/p><p>Haar operacarri\u00e8re bracht haar naar belangrijke locaties als het Th\u00e9\u00e2tre des Champs-Elys\u00e9es, de Op\u00e9ra de Marseille en de Opera van Antwerpen, waar ze te zien was als Agathe in Weber&#8217;s Freisch\u00fctz en Gerhilde in Verdi&#8217;s Lady Macbeth, onder leiding van prestigieuze dirigenten als Alain Lombard, Serge Baudo en Fr\u00e9d\u00e9ric Chaslin. Ze zong meerdere malen de sopraan solo in het Requiem van Verdi en gaf een aantal operarecitals gewijd aan Verdiaanse en Verista-muziek.<\/p><p>Christine Schweitzer zet zich nu in om haar kunst door te geven aan getalenteerde jonge operazangers. Haar ervaring op het podium en haar gepassioneerde studie van de kunst en het discours van de grote Italiaanse artiesten hebben haar tot een van de bewaarders van de tradities van bel canto interpretatie en Verdiaanse muziek gemaakt.<\/p><p>Ze wordt regelmatig uitgenodigd om masterclasses te geven aan conservatoria (Musikhochschule in Wenen, Parijs, Nice, etc.) en aan het Centre de Musique Baroque in Versailles. Ze is de vocale adviseur van verschillende vooraanstaande operapersoonlijkheden, zoals ze dat negen jaar lang was voor Natalie Dessay, en ontwikkelt momenteel een internationale masterclassactiviteit in het kader van de Arte Lirica Paris structuur.<\/p>\t\t\t\t\t\t<\/div>\n\t\t\t\t<\/div>\n\t\t\t\t<div class=\"elementor-element elementor-element-14d55d4 elementor-widget elementor-widget-spacer\" data-id=\"14d55d4\" data-element_type=\"widget\" data-widget_type=\"spacer.default\">\n\t\t\t\t<div class=\"elementor-widget-container\">\n\t\t\t\t\t<div class=\"elementor-spacer\">\n\t\t\t<div class=\"elementor-spacer-inner\"><\/div>\n\t\t<\/div>\n\t\t\t\t<\/div>\n\t\t\t\t<\/div>\n\t\t\t\t\t<\/div>\n\t\t<\/div>\n\t\t\t\t\t<\/div>\n\t\t<\/section>\n\t\t\t\t<section class=\"elementor-section elementor-top-section elementor-element elementor-element-ed1078c elementor-section-boxed elementor-section-height-default elementor-section-height-default\" data-id=\"ed1078c\" data-element_type=\"section\">\n\t\t\t\t\t\t<div class=\"elementor-container elementor-column-gap-default\">\n\t\t\t\t\t<div class=\"elementor-column elementor-col-100 elementor-top-column elementor-element elementor-element-cb16fcb\" data-id=\"cb16fcb\" data-element_type=\"column\">\n\t\t\t<div class=\"elementor-widget-wrap elementor-element-populated\">\n\t\t\t\t\t\t<div class=\"elementor-element elementor-element-97242d6 elementor-widget elementor-widget-heading\" data-id=\"97242d6\" data-element_type=\"widget\" data-widget_type=\"heading.default\">\n\t\t\t\t<div class=\"elementor-widget-container\">\n\t\t\t<h4 class=\"elementor-heading-title elementor-size-default\">Nikita Sorokine, pianobegeleider<\/h4>\t\t<\/div>\n\t\t\t\t<\/div>\n\t\t\t\t<div class=\"elementor-element elementor-element-53692a1 elementor-widget elementor-widget-image\" data-id=\"53692a1\" data-element_type=\"widget\" data-widget_type=\"image.default\">\n\t\t\t\t<div class=\"elementor-widget-container\">\n\t\t\t\t\t\t\t\t\t\t\t\t\t<img width=\"230\" height=\"300\" src=\"https:\/\/chateaudechimay.be\/nl\/wp-content\/uploads\/sites\/2\/2022\/02\/Capture-d\u2019e\u0301cran-2022-02-15-a\u0300-16.47.27-e1644940596957-230x300.png\" class=\"attachment-medium size-medium wp-image-726\" alt=\"\" srcset=\"https:\/\/chateaudechimay.be\/nl\/wp-content\/uploads\/sites\/2\/2022\/02\/Capture-d\u2019e\u0301cran-2022-02-15-a\u0300-16.47.27-e1644940596957-230x300.png 230w, https:\/\/chateaudechimay.be\/nl\/wp-content\/uploads\/sites\/2\/2022\/02\/Capture-d\u2019e\u0301cran-2022-02-15-a\u0300-16.47.27-e1644940596957.png 410w\" sizes=\"(max-width: 230px) 100vw, 230px\" \/>\t\t\t\t\t\t\t\t\t\t\t\t\t<\/div>\n\t\t\t\t<\/div>\n\t\t\t\t<div class=\"elementor-element elementor-element-f9c57c7 elementor-widget elementor-widget-text-editor\" data-id=\"f9c57c7\" data-element_type=\"widget\" data-widget_type=\"text-editor.default\">\n\t\t\t\t<div class=\"elementor-widget-container\">\n\t\t\t\t\t\t\t<p>Nikita Sorokin, dirigent, componist en musicoloog, werd in 1990 geboren in Leningrad. Nadat hij in 2008 afstudeerde aan de Glinka Choral High School, ging hij naar het Nationaal Conservatorium van Sint-Petersburg, waar hij muziektheorie studeerde. In 2013 promoveerde hij aan hetzelfde conservatorium op een proefschrift gewijd aan de analyse van symfonie\u00ebn van Gustav Mahler, uitgevoerd met de steun en medewerking van Henry-Louis de La Grange.<\/p><p>Van 2016 tot 2021 studeert Nikita Sorokine directie aan het Conservatorium van Parijs bij dirigent Alain Altinoglu. Tijdens deze periode nam hij ook deel aan verschillende masterclasses, met name bij David Zinman en het Orchestre National de Lyon, Tugan Sokhiev en het Orchestre National du Capitole de Toulouse, en het Ensemble Intercontemporain.<\/p><p>In 2019 wint Nikita Sorokin de Nationale Dirigentenwedstrijd van de Moskouse Philharmonie. Twee jaar later, in 2021, bereikt hij de halve finale van de International Conducting Competition in Rotterdam.<\/p><p>Zijn talent als dirigent wordt steeds meer erkend en in 2023 wordt hij uitgenodigd als assistent-dirigent bij het prestigieuze Bregenz Festival in Oostenrijk. Hij werkt ook samen met Alain Altinoglu en het Frankfurt Radio Symphony Orchestra, evenals met de Brusselse Opera, waarmee hij zijn status als getalenteerd dirigent op het internationale podium bevestigt.<\/p>\t\t\t\t\t\t<\/div>\n\t\t\t\t<\/div>\n\t\t\t\t<div class=\"elementor-element elementor-element-3133a33 elementor-widget-divider--view-line elementor-widget elementor-widget-divider\" data-id=\"3133a33\" data-element_type=\"widget\" data-widget_type=\"divider.default\">\n\t\t\t\t<div class=\"elementor-widget-container\">\n\t\t\t\t\t<div class=\"elementor-divider\">\n\t\t\t<span class=\"elementor-divider-separator\">\n\t\t\t\t\t\t<\/span>\n\t\t<\/div>\n\t\t\t\t<\/div>\n\t\t\t\t<\/div>\n\t\t\t\t\t<\/div>\n\t\t<\/div>\n\t\t\t\t\t<\/div>\n\t\t<\/section>\n\t\t\t\t<section class=\"elementor-section elementor-top-section elementor-element elementor-element-dc39cb2 elementor-section-boxed elementor-section-height-default elementor-section-height-default\" data-id=\"dc39cb2\" data-element_type=\"section\">\n\t\t\t\t\t\t<div class=\"elementor-container elementor-column-gap-default\">\n\t\t\t\t\t<div class=\"elementor-column elementor-col-100 elementor-top-column elementor-element elementor-element-96fec26\" data-id=\"96fec26\" data-element_type=\"column\">\n\t\t\t<div class=\"elementor-widget-wrap elementor-element-populated\">\n\t\t\t\t\t\t<div class=\"elementor-element elementor-element-75a61a7 elementor-widget elementor-widget-heading\" data-id=\"75a61a7\" data-element_type=\"widget\" data-widget_type=\"heading.default\">\n\t\t\t\t<div class=\"elementor-widget-container\">\n\t\t\t<h2 class=\"elementor-heading-title elementor-size-default\">DE DEELNEMERS<\/h2>\t\t<\/div>\n\t\t\t\t<\/div>\n\t\t\t\t\t<\/div>\n\t\t<\/div>\n\t\t\t\t\t<\/div>\n\t\t<\/section>\n\t\t\t\t<section class=\"elementor-section elementor-top-section elementor-element elementor-element-1e82e2a elementor-section-boxed elementor-section-height-default elementor-section-height-default\" data-id=\"1e82e2a\" data-element_type=\"section\">\n\t\t\t\t\t\t<div class=\"elementor-container elementor-column-gap-default\">\n\t\t\t\t\t<div class=\"elementor-column elementor-col-100 elementor-top-column elementor-element elementor-element-7fcf50d\" data-id=\"7fcf50d\" data-element_type=\"column\">\n\t\t\t<div class=\"elementor-widget-wrap elementor-element-populated\">\n\t\t\t\t\t\t<div class=\"elementor-element elementor-element-774e9fd elementor-widget elementor-widget-text-editor\" data-id=\"774e9fd\" data-element_type=\"widget\" data-widget_type=\"text-editor.default\">\n\t\t\t\t<div class=\"elementor-widget-container\">\n\t\t\t\t\t\t\t<p>Ontmoet de deelnemers aan de Masterclass 2025:<\/p><ul><li><a href=\"#CamilleLeBail\">Camille Le Bail, mezzosopraan<\/a><\/li><li><a href=\"#BeaDroz\">B\u00e9a Droz, sopraan<\/a><\/li><li><a href=\"#MarieRihane\">Marie Rihane, sopraan<\/a><\/li><li><a href=\"#FlorianPereira\">Florian Pereira, tenor<\/a><\/li><li><a href=\"#SegoleneBolard\">S\u00e9gol\u00e8ne Bolard, mezzosopraan<\/a><\/li><li><a href=\"#SarahRodriguez\">Sarah Rodriguez, sopraan<\/a><\/li><\/ul>\t\t\t\t\t\t<\/div>\n\t\t\t\t<\/div>\n\t\t\t\t\t<\/div>\n\t\t<\/div>\n\t\t\t\t\t<\/div>\n\t\t<\/section>\n\t\t\t\t<section class=\"elementor-section elementor-top-section elementor-element elementor-element-6a38e12 elementor-section-boxed elementor-section-height-default elementor-section-height-default\" data-id=\"6a38e12\" data-element_type=\"section\">\n\t\t\t\t\t\t<div class=\"elementor-container elementor-column-gap-default\">\n\t\t\t\t\t<div class=\"elementor-column elementor-col-100 elementor-top-column elementor-element elementor-element-7ec5d9a\" data-id=\"7ec5d9a\" data-element_type=\"column\">\n\t\t\t<div class=\"elementor-widget-wrap elementor-element-populated\">\n\t\t\t\t\t\t<div class=\"elementor-element elementor-element-ab49cf7 elementor-widget elementor-widget-menu-anchor\" data-id=\"ab49cf7\" data-element_type=\"widget\" data-widget_type=\"menu-anchor.default\">\n\t\t\t\t<div class=\"elementor-widget-container\">\n\t\t\t\t\t<div id=\"CamilleLeBail\" class=\"elementor-menu-anchor\"><\/div>\n\t\t\t\t<\/div>\n\t\t\t\t<\/div>\n\t\t\t\t<div class=\"elementor-element elementor-element-ff8419d elementor-widget elementor-widget-heading\" data-id=\"ff8419d\" data-element_type=\"widget\" data-widget_type=\"heading.default\">\n\t\t\t\t<div class=\"elementor-widget-container\">\n\t\t\t<h4 class=\"elementor-heading-title elementor-size-default\">Camille Le Bail, mezzosopraan<\/h4>\t\t<\/div>\n\t\t\t\t<\/div>\n\t\t\t\t<div class=\"elementor-element elementor-element-bf67407 elementor-widget elementor-widget-image\" data-id=\"bf67407\" data-element_type=\"widget\" data-widget_type=\"image.default\">\n\t\t\t\t<div class=\"elementor-widget-container\">\n\t\t\t\t\t\t\t\t\t\t\t\t\t<img width=\"300\" height=\"300\" src=\"https:\/\/chateaudechimay.be\/nl\/wp-content\/uploads\/sites\/2\/2025\/03\/Photo-Camille-Le-Bail-300x300.jpeg\" class=\"attachment-medium size-medium wp-image-1402\" alt=\"Camille Le Bail\" srcset=\"https:\/\/chateaudechimay.be\/nl\/wp-content\/uploads\/sites\/2\/2025\/03\/Photo-Camille-Le-Bail-300x300.jpeg 300w, https:\/\/chateaudechimay.be\/nl\/wp-content\/uploads\/sites\/2\/2025\/03\/Photo-Camille-Le-Bail-150x150.jpeg 150w, https:\/\/chateaudechimay.be\/nl\/wp-content\/uploads\/sites\/2\/2025\/03\/Photo-Camille-Le-Bail-768x767.jpeg 768w, https:\/\/chateaudechimay.be\/nl\/wp-content\/uploads\/sites\/2\/2025\/03\/Photo-Camille-Le-Bail.jpeg 960w\" sizes=\"(max-width: 300px) 100vw, 300px\" \/>\t\t\t\t\t\t\t\t\t\t\t\t\t<\/div>\n\t\t\t\t<\/div>\n\t\t\t\t<div class=\"elementor-element elementor-element-f157c76 elementor-widget elementor-widget-text-editor\" data-id=\"f157c76\" data-element_type=\"widget\" data-widget_type=\"text-editor.default\">\n\t\t\t\t<div class=\"elementor-widget-container\">\n\t\t\t\t\t\t\t<p>Unaniem eerste prijswinnaar van de Des Mots et des Notes competitie in 2016 en 3e prijswinnaar van de L\u00e9opold Bellan International Competition in 2018, Camille won de Espoir prijs op de Osaka International Music Competition in oktober 2019. Ze begon haar muzikale opleiding met viool op 7-jarige leeftijd en bleef het instrument bestuderen totdat ze haar Dipl\u00f4me d&#8217;Etudes Musicales in viool behaalde, met unanieme onderscheiding aan het Conservatoire \u00e0 Rayonnement R\u00e9gional de Rueil-Malmaison in 2012, terwijl ze ook zang begon te studeren.<\/p><p>Ze sloot zich aan bij de zangklas van Anne Constantin aan het Conservatoire \u00e0 Rayonnement R\u00e9gional de Boulogne-Billancourt, waar ze haar DEM in zang behaalde. Daarna ging ze naar de P\u00f4le Sup\u00e9rieur Paris-Boulogne, waar ze haar Dipl\u00f4me National Sup\u00e9rieur Professionnel de Musicien behaalde in de klas van Doris Lamprecht. Camille heeft ook gestudeerd bij gerenommeerde docenten en artiesten als Edda Moser, B\u00e9atrice Uria-Monzon en Glenn Chambers. Momenteel perfectioneert ze haar vaardigheden bij Christine Schweitzer.<\/p><p>Tussen 2012 en 2016 verdiepte ze zich in het lied- en m\u00e9lodierepertoire bij Fran\u00e7oise Tillard en rondde ze haar opleiding af met een DEM in muziekcultuur.<\/p><p>Camille treedt regelmatig op als soliste met verschillende orkesten en ensembles, waaronder het Orchestre de l&#8217;Op\u00e9ra de Massy, het Orchestre Colonne, het Orchestre du Centre Philharmonique en het Timisoara Philharmonic Orchestra, in het opera-, sacrale en hedendaagse repertoire.<\/p><p>Ze was onlangs te horen als Dorabella (Cos\u00ec fan tutte, W.A. Mozart), Mercedes (Carmen, G. Bizet), Pepa (La Belle de Cadix, F. Lopez) en Moeder Marie (Dialogues des Carm\u00e9lites, F. Poulenc).<\/p><p>In 2025 speelt ze Denise (D\u00e9d\u00e9, H. Christin\u00e9) en Mi (le Pays du sourire, F. Legar\u00e9) in het Th\u00e9\u00e2tre de Champagne.<\/p>\t\t\t\t\t\t<\/div>\n\t\t\t\t<\/div>\n\t\t\t\t<div class=\"elementor-element elementor-element-e2336f7 elementor-widget elementor-widget-spacer\" data-id=\"e2336f7\" data-element_type=\"widget\" data-widget_type=\"spacer.default\">\n\t\t\t\t<div class=\"elementor-widget-container\">\n\t\t\t\t\t<div class=\"elementor-spacer\">\n\t\t\t<div class=\"elementor-spacer-inner\"><\/div>\n\t\t<\/div>\n\t\t\t\t<\/div>\n\t\t\t\t<\/div>\n\t\t\t\t\t<\/div>\n\t\t<\/div>\n\t\t\t\t\t<\/div>\n\t\t<\/section>\n\t\t\t\t<section class=\"elementor-section elementor-top-section elementor-element elementor-element-236a136 elementor-section-boxed elementor-section-height-default elementor-section-height-default\" data-id=\"236a136\" data-element_type=\"section\">\n\t\t\t\t\t\t<div class=\"elementor-container elementor-column-gap-default\">\n\t\t\t\t\t<div class=\"elementor-column elementor-col-100 elementor-top-column elementor-element elementor-element-43a7643\" data-id=\"43a7643\" data-element_type=\"column\">\n\t\t\t<div class=\"elementor-widget-wrap elementor-element-populated\">\n\t\t\t\t\t\t<div class=\"elementor-element elementor-element-770f262 elementor-widget elementor-widget-menu-anchor\" data-id=\"770f262\" data-element_type=\"widget\" data-widget_type=\"menu-anchor.default\">\n\t\t\t\t<div class=\"elementor-widget-container\">\n\t\t\t\t\t<div id=\"BeaDroz\" class=\"elementor-menu-anchor\"><\/div>\n\t\t\t\t<\/div>\n\t\t\t\t<\/div>\n\t\t\t\t<div class=\"elementor-element elementor-element-4ff03af elementor-widget elementor-widget-heading\" data-id=\"4ff03af\" data-element_type=\"widget\" data-widget_type=\"heading.default\">\n\t\t\t\t<div class=\"elementor-widget-container\">\n\t\t\t<h4 class=\"elementor-heading-title elementor-size-default\">B\u00e9a Droz, sopraan<\/h4>\t\t<\/div>\n\t\t\t\t<\/div>\n\t\t\t\t<div class=\"elementor-element elementor-element-b11ce91 elementor-widget elementor-widget-image\" data-id=\"b11ce91\" data-element_type=\"widget\" data-widget_type=\"image.default\">\n\t\t\t\t<div class=\"elementor-widget-container\">\n\t\t\t\t\t\t\t\t\t\t\t\t\t<img loading=\"lazy\" width=\"200\" height=\"300\" src=\"https:\/\/chateaudechimay.be\/nl\/wp-content\/uploads\/sites\/2\/2025\/03\/Photo-Be\u0301a-Droz-200x300.jpg\" class=\"attachment-medium size-medium wp-image-1406\" alt=\"Be\u0301a Droz\" srcset=\"https:\/\/chateaudechimay.be\/nl\/wp-content\/uploads\/sites\/2\/2025\/03\/Photo-Be\u0301a-Droz-200x300.jpg 200w, https:\/\/chateaudechimay.be\/nl\/wp-content\/uploads\/sites\/2\/2025\/03\/Photo-Be\u0301a-Droz.jpg 427w\" sizes=\"(max-width: 200px) 100vw, 200px\" \/>\t\t\t\t\t\t\t\t\t\t\t\t\t<\/div>\n\t\t\t\t<\/div>\n\t\t\t\t<div class=\"elementor-element elementor-element-58a0554 elementor-widget elementor-widget-text-editor\" data-id=\"58a0554\" data-element_type=\"widget\" data-widget_type=\"text-editor.default\">\n\t\t\t\t<div class=\"elementor-widget-container\">\n\t\t\t\t\t\t\t<p>B\u00e9a Droz, geboren in Zwitserland, werd van jongs af aan ondergedompeld in muziek. Ze speelde cello voordat ze zich aan het zingen wijdde. Ze werd opgeleid door Barbara Locher aan de HEM in Luzern, voordat ze een master in performance volgde aan de ZHdK in Z\u00fcrich in de klas van Werner G\u00fcra. Ze heeft haar kennis verder verdiept in masterclasses bij onder anderen Susan Waters, Malcolm Walker, Sandra Trattnigg en Raymond Connell, en wordt momenteel gecoacht door de Franse sopraan Christine Schweitzer. Sinds september 2024 studeert ze voor een diploma barokopera aan het Conservatoire \u00e0 Rayonnement R\u00e9gional de Paris in de klas van St\u00e9phane Fuget.<\/p><p>In januari 2025 voerde ze het Pie Jesu uit het Requiem van Faur\u00e9 uit, begeleid door het Orchestre de Chambre de Lausanne. In juni 2024 vertolkte ze de rol van Aggripina in de opera Britannico van K-H Graun, als onderdeel van het oude muziekfestival Cavrosarts in de Vall\u00e9e de Chevreuse. In 2023 zong ze de aria&#8217;s uit La Reine de la Nuit in het kader van de Concerts Lyriques de Roche-sur-Linotte (Frankrijk), die ze al eerder had uitgevoerd tijdens de Operanacht in de Villa in Z\u00fcrich in 2022. Ze was te horen in een programma van Vivaldi en H\u00e4ndel met het Schaffhausen Baroque Ensemble en Salto corale, evenals in \u201cInspirations helv\u00e9tiques\u201d, een recital met pianist Florent Lattuga met melodie\u00ebn van componisten die in Zwitserland leefden.<\/p><p>In 2021 zong ze de sopraan solopartij in Carmina Burana met het Salto Corale koor in het Stadttheater in Schaffhausen. In 2019 stond ze op de planken in Barbier&#8217;s operette La Cigale et la Fourmi met de Compagnie Op\u00e9ra par-ci par-l\u00e0. In 2018 zong de sopraan de wereldpremi\u00e8re van de cyclus Love, we must part now van de Zwitserse componist Valentin Villard.<\/p><p>B\u00e9a Droz is een zeer ervaren ensemblemusicus en lid van het Ensemble vocal de Lausanne. Ze heeft samengewerkt met vooraanstaande koor- en orkestdirigenten. Haar engagementen brachten haar naar Zwitserland, Frankrijk, Itali\u00eb, Duitsland en Oostenrijk.<\/p>\t\t\t\t\t\t<\/div>\n\t\t\t\t<\/div>\n\t\t\t\t<div class=\"elementor-element elementor-element-3e0bb7a elementor-widget elementor-widget-spacer\" data-id=\"3e0bb7a\" data-element_type=\"widget\" data-widget_type=\"spacer.default\">\n\t\t\t\t<div class=\"elementor-widget-container\">\n\t\t\t\t\t<div class=\"elementor-spacer\">\n\t\t\t<div class=\"elementor-spacer-inner\"><\/div>\n\t\t<\/div>\n\t\t\t\t<\/div>\n\t\t\t\t<\/div>\n\t\t\t\t\t<\/div>\n\t\t<\/div>\n\t\t\t\t\t<\/div>\n\t\t<\/section>\n\t\t\t\t<section class=\"elementor-section elementor-top-section elementor-element elementor-element-d5a81b2 elementor-section-boxed elementor-section-height-default elementor-section-height-default\" data-id=\"d5a81b2\" data-element_type=\"section\">\n\t\t\t\t\t\t<div class=\"elementor-container elementor-column-gap-default\">\n\t\t\t\t\t<div class=\"elementor-column elementor-col-100 elementor-top-column elementor-element elementor-element-e9027b3\" data-id=\"e9027b3\" data-element_type=\"column\">\n\t\t\t<div class=\"elementor-widget-wrap elementor-element-populated\">\n\t\t\t\t\t\t<div class=\"elementor-element elementor-element-588ea0c elementor-widget elementor-widget-menu-anchor\" data-id=\"588ea0c\" data-element_type=\"widget\" data-widget_type=\"menu-anchor.default\">\n\t\t\t\t<div class=\"elementor-widget-container\">\n\t\t\t\t\t<div id=\"MarieRihane\" class=\"elementor-menu-anchor\"><\/div>\n\t\t\t\t<\/div>\n\t\t\t\t<\/div>\n\t\t\t\t<div class=\"elementor-element elementor-element-8d834e7 elementor-widget elementor-widget-heading\" data-id=\"8d834e7\" data-element_type=\"widget\" data-widget_type=\"heading.default\">\n\t\t\t\t<div class=\"elementor-widget-container\">\n\t\t\t<h4 class=\"elementor-heading-title elementor-size-default\">Marie Rihane, sopraan<\/h4>\t\t<\/div>\n\t\t\t\t<\/div>\n\t\t\t\t<div class=\"elementor-element elementor-element-71953b4 elementor-widget elementor-widget-image\" data-id=\"71953b4\" data-element_type=\"widget\" data-widget_type=\"image.default\">\n\t\t\t\t<div class=\"elementor-widget-container\">\n\t\t\t\t\t\t\t\t\t\t\t\t\t<img loading=\"lazy\" width=\"300\" height=\"200\" src=\"https:\/\/chateaudechimay.be\/nl\/wp-content\/uploads\/sites\/2\/2025\/03\/Marie-Rihane-small-300x200.png\" class=\"attachment-medium size-medium wp-image-1410\" alt=\"Marie Rihane\" srcset=\"https:\/\/chateaudechimay.be\/nl\/wp-content\/uploads\/sites\/2\/2025\/03\/Marie-Rihane-small-300x200.png 300w, https:\/\/chateaudechimay.be\/nl\/wp-content\/uploads\/sites\/2\/2025\/03\/Marie-Rihane-small-768x513.png 768w, https:\/\/chateaudechimay.be\/nl\/wp-content\/uploads\/sites\/2\/2025\/03\/Marie-Rihane-small.png 960w\" sizes=\"(max-width: 300px) 100vw, 300px\" \/>\t\t\t\t\t\t\t\t\t\t\t\t\t<\/div>\n\t\t\t\t<\/div>\n\t\t\t\t<div class=\"elementor-element elementor-element-13d117d elementor-widget elementor-widget-text-editor\" data-id=\"13d117d\" data-element_type=\"widget\" data-widget_type=\"text-editor.default\">\n\t\t\t\t<div class=\"elementor-widget-container\">\n\t\t\t\t\t\t\t<p>De in Parijs geboren sopraan Marie Rihane begon haar opleiding aan de Hochschule f\u00fcr Musik und Theater in Hamburg bij professor Michaela Kaune, voordat ze toetrad tot de Swiss Opera Studio. Ze zong de rol van Papagena (De Toverfluit) bij de Hamburg Kammeroper (2021) en bij de Opera van Bern, daarna de rol van L&#8217;Amour (Orph\u00e9e et Euridice) bij de Opera van Biel-Solothurn (2022\/2023).<\/p><p>Naast haar werk als soliste zingt ze regelmatig in vocale ensembles zoals de Z\u00fcrcher Sing-Akademie en het SWR Vokalensemble.<\/p><p>In het seizoen 2023\/2024 zong ze de rol van Diane in Offenbachs Orph\u00e9e aux Enfers in de Hamburger Kammeroper, Frasquita in Carmen in het Ch\u00e2teau de Lini\u00e8res en de rol van Monteverdi&#8217;s Orfeo met het Z\u00fcrcher Sing-Akademie Chorus onder leiding van Ottavio Dantone in het Zurich Opera House.<\/p><p>Ze zong ook de rol van Apollo in Glucks Il Parnaso confuso aan de Internationale Barokacademie van het P\u00e9rigord Noir Festival.<\/p><p>Momenteel vervolgt ze haar opleiding in oude muziek bij Hasnaa Benanni en Beno\u00eet Babel.<\/p><p>Marie won de eerste prijs in het Elise Meyer Concours in Hamburg in 2020.<\/p>\t\t\t\t\t\t<\/div>\n\t\t\t\t<\/div>\n\t\t\t\t<div class=\"elementor-element elementor-element-1da7b0f elementor-widget elementor-widget-spacer\" data-id=\"1da7b0f\" data-element_type=\"widget\" data-widget_type=\"spacer.default\">\n\t\t\t\t<div class=\"elementor-widget-container\">\n\t\t\t\t\t<div class=\"elementor-spacer\">\n\t\t\t<div class=\"elementor-spacer-inner\"><\/div>\n\t\t<\/div>\n\t\t\t\t<\/div>\n\t\t\t\t<\/div>\n\t\t\t\t\t<\/div>\n\t\t<\/div>\n\t\t\t\t\t<\/div>\n\t\t<\/section>\n\t\t\t\t<section class=\"elementor-section elementor-top-section elementor-element elementor-element-58d7fa2 elementor-section-boxed elementor-section-height-default elementor-section-height-default\" data-id=\"58d7fa2\" data-element_type=\"section\">\n\t\t\t\t\t\t<div class=\"elementor-container elementor-column-gap-default\">\n\t\t\t\t\t<div class=\"elementor-column elementor-col-100 elementor-top-column elementor-element elementor-element-93c6b0d\" data-id=\"93c6b0d\" data-element_type=\"column\">\n\t\t\t<div class=\"elementor-widget-wrap elementor-element-populated\">\n\t\t\t\t\t\t<div class=\"elementor-element elementor-element-a46d36d elementor-widget elementor-widget-menu-anchor\" data-id=\"a46d36d\" data-element_type=\"widget\" data-widget_type=\"menu-anchor.default\">\n\t\t\t\t<div class=\"elementor-widget-container\">\n\t\t\t\t\t<div id=\"FlorianPereira\" class=\"elementor-menu-anchor\"><\/div>\n\t\t\t\t<\/div>\n\t\t\t\t<\/div>\n\t\t\t\t<div class=\"elementor-element elementor-element-f9a6b19 elementor-widget elementor-widget-heading\" data-id=\"f9a6b19\" data-element_type=\"widget\" data-widget_type=\"heading.default\">\n\t\t\t\t<div class=\"elementor-widget-container\">\n\t\t\t<h4 class=\"elementor-heading-title elementor-size-default\">Florian Pereira, tenor<\/h4>\t\t<\/div>\n\t\t\t\t<\/div>\n\t\t\t\t<div class=\"elementor-element elementor-element-5102ec1 elementor-widget elementor-widget-image\" data-id=\"5102ec1\" data-element_type=\"widget\" data-widget_type=\"image.default\">\n\t\t\t\t<div class=\"elementor-widget-container\">\n\t\t\t\t\t\t\t\t\t\t\t\t\t<img loading=\"lazy\" width=\"227\" height=\"300\" src=\"https:\/\/chateaudechimay.be\/nl\/wp-content\/uploads\/sites\/2\/2025\/03\/Portrait-Florian-Pereira-227x300.jpeg\" class=\"attachment-medium size-medium wp-image-1414\" alt=\"Florian Pereira, tenor\" srcset=\"https:\/\/chateaudechimay.be\/nl\/wp-content\/uploads\/sites\/2\/2025\/03\/Portrait-Florian-Pereira-227x300.jpeg 227w, https:\/\/chateaudechimay.be\/nl\/wp-content\/uploads\/sites\/2\/2025\/03\/Portrait-Florian-Pereira-774x1024.jpeg 774w, https:\/\/chateaudechimay.be\/nl\/wp-content\/uploads\/sites\/2\/2025\/03\/Portrait-Florian-Pereira-768x1016.jpeg 768w, https:\/\/chateaudechimay.be\/nl\/wp-content\/uploads\/sites\/2\/2025\/03\/Portrait-Florian-Pereira-1161x1536.jpeg 1161w, https:\/\/chateaudechimay.be\/nl\/wp-content\/uploads\/sites\/2\/2025\/03\/Portrait-Florian-Pereira-1548x2048.jpeg 1548w, https:\/\/chateaudechimay.be\/nl\/wp-content\/uploads\/sites\/2\/2025\/03\/Portrait-Florian-Pereira.jpeg 1681w\" sizes=\"(max-width: 227px) 100vw, 227px\" \/>\t\t\t\t\t\t\t\t\t\t\t\t\t<\/div>\n\t\t\t\t<\/div>\n\t\t\t\t<div class=\"elementor-element elementor-element-03d20d5 elementor-widget elementor-widget-text-editor\" data-id=\"03d20d5\" data-element_type=\"widget\" data-widget_type=\"text-editor.default\">\n\t\t\t\t<div class=\"elementor-widget-container\">\n\t\t\t\t\t\t\t<p>Florian Pereira is afgestudeerd aan het Conservatoire de Bourges en volgde zijn opleiding aan verschillende nationale en internationale academies, waaronder de Fabrique Lyrique, de Acad\u00e9mie des Frivolit\u00e9s Parisiennes, de Saline Royale Academy d&#8217;Arc-et-Senans en de Vincer\u00f2 Academy (VS), waarmee hij zong in Carnegie Hall in New York.<\/p><p>Hij trad op in het opera-, bel cante- en operette-repertoire van Mozart, waaronder Don Ottavio in Don Giovanni, gezongen in het Angela Peralta Theater in Mexico, Ferrando in Cos\u00ec fan tutte, Agenore in Il Re Pastore, de Chevalier de la Force in Francis Poulenc&#8217;s Dialogues des Carm\u00e9lites en Le Remendado in Carmen. Hij speelde Florestan in Un mari \u00e0 la Porte, een operette van Jacques Offenbach, daarna de twee personages Peppe en Arlecchino in Leoncavallo&#8217;s I Pagliacci voor het Festival Lyrique de Samo\u00ebns afgelopen juli, evenals Prins Caprice in Offenbach&#8217;s Le Voyage dans la Lune in de Sc\u00e8ne Nationale 61 in Alen\u00e7on.<\/p><p>Florian Pereira zong onlangs in Engel-Prozessionen, een fragment uit Stockhausens Sonntag aus Licht met het ensemble Le Balcon in de Philharmonie de Paris, evenals de tenorsolo in Charpentiers Messe de Minuit met de Ma\u00eetrise de Colmar. Hij neemt regelmatig deel aan verschillende producties en concerten van barokmuziek met het Ensemble Amici Miei, met wie hij Israelita zong in het oratorium Mos\u00e8 risorto dall&#8217;acque, een werk van Giovanni Battista Bassani, in Mende en in Gen\u00e8ve in samenwerking met het orkest Ensemble Melici.<\/p><p>Komende engagementen omvatten Hertog Cacatois XXII in Offenbachs L&#8217;\u00cele de Tulipatan in het Th\u00e9\u00e2tre Monsigny in Boulogne-sur-Mer, Achille in La Belle H\u00e9l\u00e8ne, Arist\u00e9e\/Pluton in Orph\u00e9e aux Enfers en Tybalt in Rom\u00e9o et Juliette van Charles Gounod. Er is een Galaconcert gepland samen met pianist Kit Armstrong om de 8e Printemps de Kit Armstrong in Hirson te openen op 2 mei 2025.<\/p><p>Instagram : @florianpereira_<\/p>\t\t\t\t\t\t<\/div>\n\t\t\t\t<\/div>\n\t\t\t\t<div class=\"elementor-element elementor-element-e37dc16 elementor-widget elementor-widget-spacer\" data-id=\"e37dc16\" data-element_type=\"widget\" data-widget_type=\"spacer.default\">\n\t\t\t\t<div class=\"elementor-widget-container\">\n\t\t\t\t\t<div class=\"elementor-spacer\">\n\t\t\t<div class=\"elementor-spacer-inner\"><\/div>\n\t\t<\/div>\n\t\t\t\t<\/div>\n\t\t\t\t<\/div>\n\t\t\t\t<div class=\"elementor-element elementor-element-65e31f0 elementor-widget-divider--view-line elementor-widget elementor-widget-divider\" data-id=\"65e31f0\" data-element_type=\"widget\" data-widget_type=\"divider.default\">\n\t\t\t\t<div class=\"elementor-widget-container\">\n\t\t\t\t\t<div class=\"elementor-divider\">\n\t\t\t<span class=\"elementor-divider-separator\">\n\t\t\t\t\t\t<\/span>\n\t\t<\/div>\n\t\t\t\t<\/div>\n\t\t\t\t<\/div>\n\t\t\t\t\t<\/div>\n\t\t<\/div>\n\t\t\t\t\t<\/div>\n\t\t<\/section>\n\t\t\t\t<section class=\"elementor-section elementor-top-section elementor-element elementor-element-200d175 elementor-section-boxed elementor-section-height-default elementor-section-height-default\" data-id=\"200d175\" data-element_type=\"section\">\n\t\t\t\t\t\t<div class=\"elementor-container elementor-column-gap-default\">\n\t\t\t\t\t<div class=\"elementor-column elementor-col-100 elementor-top-column elementor-element elementor-element-1d948fd\" data-id=\"1d948fd\" data-element_type=\"column\">\n\t\t\t<div class=\"elementor-widget-wrap elementor-element-populated\">\n\t\t\t\t\t\t<div class=\"elementor-element elementor-element-be78a30 elementor-widget elementor-widget-menu-anchor\" data-id=\"be78a30\" data-element_type=\"widget\" data-widget_type=\"menu-anchor.default\">\n\t\t\t\t<div class=\"elementor-widget-container\">\n\t\t\t\t\t<div id=\"SegoleneBolard\" class=\"elementor-menu-anchor\"><\/div>\n\t\t\t\t<\/div>\n\t\t\t\t<\/div>\n\t\t\t\t<div class=\"elementor-element elementor-element-f664d0a elementor-widget elementor-widget-heading\" data-id=\"f664d0a\" data-element_type=\"widget\" data-widget_type=\"heading.default\">\n\t\t\t\t<div class=\"elementor-widget-container\">\n\t\t\t<h4 class=\"elementor-heading-title elementor-size-default\">S\u00e9gol\u00e8ne Bolard, mezzosopraan<\/h4>\t\t<\/div>\n\t\t\t\t<\/div>\n\t\t\t\t<div class=\"elementor-element elementor-element-104ca2b elementor-widget elementor-widget-image\" data-id=\"104ca2b\" data-element_type=\"widget\" data-widget_type=\"image.default\">\n\t\t\t\t<div class=\"elementor-widget-container\">\n\t\t\t\t\t\t\t\t\t\t\t\t\t<img loading=\"lazy\" width=\"217\" height=\"300\" src=\"https:\/\/chateaudechimay.be\/nl\/wp-content\/uploads\/sites\/2\/2025\/03\/Se\u0301gole\u0300ne-BOLARD-217x300.jpeg\" class=\"attachment-medium size-medium wp-image-1415\" alt=\"S\u00e9gol\u00e8ne Bolard, mezzosopraan\" srcset=\"https:\/\/chateaudechimay.be\/nl\/wp-content\/uploads\/sites\/2\/2025\/03\/Se\u0301gole\u0300ne-BOLARD-217x300.jpeg 217w, https:\/\/chateaudechimay.be\/nl\/wp-content\/uploads\/sites\/2\/2025\/03\/Se\u0301gole\u0300ne-BOLARD.jpeg 231w\" sizes=\"(max-width: 217px) 100vw, 217px\" \/>\t\t\t\t\t\t\t\t\t\t\t\t\t<\/div>\n\t\t\t\t<\/div>\n\t\t\t\t<div class=\"elementor-element elementor-element-7dc68f3 elementor-widget elementor-widget-text-editor\" data-id=\"7dc68f3\" data-element_type=\"widget\" data-widget_type=\"text-editor.default\">\n\t\t\t\t<div class=\"elementor-widget-container\">\n\t\t\t\t\t\t\t<p>De van oorsprong Bourgondische mezzosopraan S\u00e9gol\u00e8ne Bolard begon haar multidisciplinaire artistieke opleiding in piano, theater en cello (CRR Dijon). Daarna studeerde ze musicologie aan de Sorbonne in Parijs. Haar voorliefde voor het podium bracht haar uiteindelijk tot operazang, om theater en muziek te combineren. Ze vertrok om in Zwitserland te studeren, eerst aan de Haute \u00c9cole de Musique in Lausanne, daarna aan de Swiss Opera Studio in Bern. Dit gaf haar de kans om te werken met het Ensemble Vocal de Lausanne, de koren van de Op\u00e9ra de Fribourg en Lausanne, en het Orlando Ensemble.<\/p><p>Ze won ook haar eerste engagementen als soliste, zong La Voisine in Stravinsky&#8217;s Mavra bij Op\u00e9ra Louise in Fribourg (dir. Julien Chavaz), Polly in Weill&#8217;s Die Dreigroschenoper bij het Th\u00e9\u00e2tre du Galpon in Gen\u00e8ve (dir. Stefan Gr\u00f6gler), Donna Eleonora in Salieri&#8217;s Prima la musica e poi le parole in de Op\u00e9ra Studio Suisse (o.l.v. Joachim Schl\u00f6mer), en Alice in Rossini&#8217;s Le Comte Ory in het Th\u00e9\u00e2tre de Bienne-Soleure (o.l.v. Pierre-Emmanuel Rousseau). Voor haar afstudeerproject speelde ze de rol van Concepci\u00f3n in L&#8217;Heure espagnole van Ravel, waarvoor ze in 2017 de Mise en voix-prijs won.<\/p><p>Bij haar terugkeer naar Frankrijk speelde ze Marcellina in Mozarts Le Nozze di Figaro bij Op\u00e9ra nomade in Vend\u00f4me (dir. Pierre Thirion-Vallet &amp; Amaury du Closel), waarna ze zich aansloot bij het vaste koor van de Op\u00e9ra Grand Avignon voor de seizoenen 2017-2019. Ze heeft ook opgetreden op het Festival van Avignon, de Cit\u00e9 de la Musique in Parijs en de Chor\u00e9gies d&#8217;Orange. Ze heeft ook opgetreden als soliste, met name in het koorsolistenrecital van de Chor\u00e9gies d&#8217;Orange, begeleid op piano door Mathieu Pordoy, en als Marion in Les Saltimbanques de Ganne in een regie van Alexandre Piquion en ge\u00ebnsceneerd door Mireille Larroche.<\/p><p>Als freelance operazangeres wordt S\u00e9gol\u00e8ne Bolard regelmatig uitgenodigd om in koren en als soliste te zingen, met name met de koren van de Op\u00e9ra Grand Avignon, of met het Spirito ensemble onder leiding van Nicole Corti, in het Auditorium van Lyon, het Festival Musique en Bauges, het Grand Th\u00e9\u00e2tre de Provence, het Messiaen Festival, het Berlioz Festival en de Abdij van Ambronay.<\/p><p>Als bevoorrecht vertolkster van gewijde muziek zingt ze de altsolo in het Stabat Mater van Pergolesi, de sopraan 2-stem in de Mis in B van Bach en de recitatiefstem in de Johannes-Passion van Scarlatti. Bach&#8217;s Mis in B, en de recitatieve partij in Scarlatti&#8217;s Johannes Passion.<\/p><p>Ze vormt ook een duo gewijd aan melodie en lied met harpist Anthony Castin, en is lid van het Ballagan collectief, met wie ze een voorstelling maakte als eerbetoon aan Marceline Lorridan-Ivens waarin ze zingt en cello speelt.<\/p><p>Toegewijd aan het lesgeven, doceert ze zangtechniek aan het Conservatoire \u00e0 Rayonnement D\u00e9partemental en aan de Ma\u00eetrise de la Cath\u00e9drale du Puy-en-Velay. Ze is ook artistiek directeur van de vereniging Phonolyrique, die als doel heeft operazangers te promoten en op te leiden. Zelf heeft ze masterclasses gevolgd bij Christine Schweitzer, Patricia Petitbon, Robert Expert, Sara Mingardo, Melanie Jackson, Rachel Bersier en Nadine Denize.<\/p>\t\t\t\t\t\t<\/div>\n\t\t\t\t<\/div>\n\t\t\t\t<div class=\"elementor-element elementor-element-19b7e6e elementor-widget elementor-widget-spacer\" data-id=\"19b7e6e\" data-element_type=\"widget\" data-widget_type=\"spacer.default\">\n\t\t\t\t<div class=\"elementor-widget-container\">\n\t\t\t\t\t<div class=\"elementor-spacer\">\n\t\t\t<div class=\"elementor-spacer-inner\"><\/div>\n\t\t<\/div>\n\t\t\t\t<\/div>\n\t\t\t\t<\/div>\n\t\t\t\t\t<\/div>\n\t\t<\/div>\n\t\t\t\t\t<\/div>\n\t\t<\/section>\n\t\t\t\t<section class=\"elementor-section elementor-top-section elementor-element elementor-element-a2dc685 elementor-section-boxed elementor-section-height-default elementor-section-height-default\" data-id=\"a2dc685\" data-element_type=\"section\">\n\t\t\t\t\t\t<div class=\"elementor-container elementor-column-gap-default\">\n\t\t\t\t\t<div class=\"elementor-column elementor-col-100 elementor-top-column elementor-element elementor-element-7623559\" data-id=\"7623559\" data-element_type=\"column\">\n\t\t\t<div class=\"elementor-widget-wrap elementor-element-populated\">\n\t\t\t\t\t\t<div class=\"elementor-element elementor-element-a29e4ae elementor-widget elementor-widget-menu-anchor\" data-id=\"a29e4ae\" data-element_type=\"widget\" data-widget_type=\"menu-anchor.default\">\n\t\t\t\t<div class=\"elementor-widget-container\">\n\t\t\t\t\t<div id=\"SarahRodriguez\" class=\"elementor-menu-anchor\"><\/div>\n\t\t\t\t<\/div>\n\t\t\t\t<\/div>\n\t\t\t\t<div class=\"elementor-element elementor-element-cc64063 elementor-widget elementor-widget-heading\" data-id=\"cc64063\" data-element_type=\"widget\" data-widget_type=\"heading.default\">\n\t\t\t\t<div class=\"elementor-widget-container\">\n\t\t\t<h4 class=\"elementor-heading-title elementor-size-default\">Sarah Rodriguez, sopraan<\/h4>\t\t<\/div>\n\t\t\t\t<\/div>\n\t\t\t\t<div class=\"elementor-element elementor-element-918cb1f elementor-widget elementor-widget-image\" data-id=\"918cb1f\" data-element_type=\"widget\" data-widget_type=\"image.default\">\n\t\t\t\t<div class=\"elementor-widget-container\">\n\t\t\t\t\t\t\t\t\t\t\t\t\t<img loading=\"lazy\" width=\"213\" height=\"300\" src=\"https:\/\/chateaudechimay.be\/nl\/wp-content\/uploads\/sites\/2\/2025\/03\/RODRIGUEZ-Sarah-1-213x300.jpg\" class=\"attachment-medium size-medium wp-image-1416\" alt=\"RODRIGUEZ Sarah\" srcset=\"https:\/\/chateaudechimay.be\/nl\/wp-content\/uploads\/sites\/2\/2025\/03\/RODRIGUEZ-Sarah-1-213x300.jpg 213w, https:\/\/chateaudechimay.be\/nl\/wp-content\/uploads\/sites\/2\/2025\/03\/RODRIGUEZ-Sarah-1-727x1024.jpg 727w, https:\/\/chateaudechimay.be\/nl\/wp-content\/uploads\/sites\/2\/2025\/03\/RODRIGUEZ-Sarah-1-768x1082.jpg 768w, https:\/\/chateaudechimay.be\/nl\/wp-content\/uploads\/sites\/2\/2025\/03\/RODRIGUEZ-Sarah-1-1091x1536.jpg 1091w, https:\/\/chateaudechimay.be\/nl\/wp-content\/uploads\/sites\/2\/2025\/03\/RODRIGUEZ-Sarah-1-1454x2048.jpg 1454w, https:\/\/chateaudechimay.be\/nl\/wp-content\/uploads\/sites\/2\/2025\/03\/RODRIGUEZ-Sarah-1-scaled.jpg 1818w\" sizes=\"(max-width: 213px) 100vw, 213px\" \/>\t\t\t\t\t\t\t\t\t\t\t\t\t<\/div>\n\t\t\t\t<\/div>\n\t\t\t\t<div class=\"elementor-element elementor-element-8f7031a elementor-widget elementor-widget-text-editor\" data-id=\"8f7031a\" data-element_type=\"widget\" data-widget_type=\"text-editor.default\">\n\t\t\t\t<div class=\"elementor-widget-container\">\n\t\t\t\t\t\t\t<p>Sarah Rodriguez is een eclectische coloratuursopraan die haar debuut maakte bij de Ma\u00eetrise de l&#8217;Op\u00e9ra de Gen\u00e8ve en vervolgens aan het Institut de Recherche Vocale et d&#8217;\u00c9tudes Musicales en M\u00e9diterran\u00e9e. Gespecialiseerd in verschillende repertoires en in het bezit van een diploma muziekwetenschappen en een universitair diploma zangcoaching, is ze een fervent verdedigster van het Franse erfgoed en heeft ze haar opleiding genoten bij toonaangevende instellingen zoals het Centre de Musique Baroque de Versailles en de Acad\u00e9mie des Paris Frivoles. Ze specialiseerde zich in de lyrische kunst en zong de rol van \u00c9rigone in Penth\u00e9e van de Duc d&#8217;Orl\u00e9ans in het Ch\u00e2teau de Versailles, vervolgens zong ze de Musicienne en de Sultane in Campra&#8217;s L&#8217;Europe Galante in de Orangerie van Potsdam en werd ze gevraagd om de Na\u00efade en de Berg\u00e8re in te studeren in Rameau&#8217;s Les F\u00eates d&#8217;H\u00e9b\u00e9 in het Amphith\u00e9\u00e2tre de la Bastille.<\/p><p>Ze is in het bezit van een Dipl\u00f4me National Sup\u00e9rieur de Musicienne van de Pont Sup\u00e9rieur de Rennes en werkt regelmatig samen met lokale instellingen, met name met La Musica in Monterverdi&#8217;s Orfeo (Banquet C\u00e9leste \/ Op\u00e9ra de Rennes 2020), Ernestine in Monsieur Chou-Fleuri van Jacques Offenbach (Exode des Rennes \/ Clissonantes 2021), Norah in Dernier lieu van Sighicelli in de Op\u00e9ra de Rennes en Die Erste Dame in Die Zauberfl\u00f6te (LabOp\u00e9ra Bretagne 2024). Ze won de wedstrijd Vienne en Voix 2022, waarmee ze de rol van Gabrielle in Offenbachs La Vie Parisienne won. Ze nam ook deel aan de Acad\u00e9mie Vincenzo Bellini 2024 met Maestro Marco Guidarini en mezzosopraan Viorica Cortez, waar ze de rol van Rosita zong in Offenbachs Un mari \u00e0 la porte. Sarah Rodriguez ontving vier bijzondere internationale prijzen: Op\u00e9rette et Offenbach, Concours de Lavaur 2019, Prix Bellini de la Voix F\u00e9minine en Prix Bellini du Public in 2023.<\/p><p>Ze is betrokken bij talrijke projecten om klassieke muziek te promoten, met name in Bretagne en de regio \u00cele de France (Lyrisme de Rue, Les Flots Baroques, Couleurs Traversantes, enz.). Ze speelde de titelrol in de opera Britannicus van Carl Heinrich Graun (Festival CavrosArts 2024 \/ Sarrebourg 2025 \/ Heropening van het Mus\u00e9e de Port-Royal des Champs 2025) en heeft net Rosina vertolkt in Rossini&#8217;s Il Barbiere di Siviglia in het Couvent des Jacobins in Rennes. Sinds 2022 traint ze bij de sopraan Christine Schweitzer bij Arte Lirica Paris.<\/p>\t\t\t\t\t\t<\/div>\n\t\t\t\t<\/div>\n\t\t\t\t<div class=\"elementor-element elementor-element-24996a7 elementor-widget elementor-widget-spacer\" data-id=\"24996a7\" data-element_type=\"widget\" data-widget_type=\"spacer.default\">\n\t\t\t\t<div class=\"elementor-widget-container\">\n\t\t\t\t\t<div class=\"elementor-spacer\">\n\t\t\t<div class=\"elementor-spacer-inner\"><\/div>\n\t\t<\/div>\n\t\t\t\t<\/div>\n\t\t\t\t<\/div>\n\t\t\t\t<div class=\"elementor-element elementor-element-759425b elementor-widget-divider--view-line elementor-widget elementor-widget-divider\" data-id=\"759425b\" data-element_type=\"widget\" data-widget_type=\"divider.default\">\n\t\t\t\t<div class=\"elementor-widget-container\">\n\t\t\t\t\t<div class=\"elementor-divider\">\n\t\t\t<span class=\"elementor-divider-separator\">\n\t\t\t\t\t\t<\/span>\n\t\t<\/div>\n\t\t\t\t<\/div>\n\t\t\t\t<\/div>\n\t\t\t\t\t<\/div>\n\t\t<\/div>\n\t\t\t\t\t<\/div>\n\t\t<\/section>\n\t\t\t\t<section class=\"elementor-section elementor-top-section elementor-element elementor-element-3ad2bd74 elementor-section-boxed elementor-section-height-default elementor-section-height-default\" data-id=\"3ad2bd74\" data-element_type=\"section\">\n\t\t\t\t\t\t<div class=\"elementor-container elementor-column-gap-default\">\n\t\t\t\t\t<div class=\"elementor-column elementor-col-100 elementor-top-column elementor-element elementor-element-3e4f1fce\" data-id=\"3e4f1fce\" data-element_type=\"column\">\n\t\t\t<div class=\"elementor-widget-wrap elementor-element-populated\">\n\t\t\t\t\t\t<div class=\"elementor-element elementor-element-7cd941fa elementor-widget elementor-widget-heading\" data-id=\"7cd941fa\" data-element_type=\"widget\" data-widget_type=\"heading.default\">\n\t\t\t\t<div class=\"elementor-widget-container\">\n\t\t\t<h2 class=\"elementor-heading-title elementor-size-default\">INFO &amp; RESERVATIES<\/h2>\t\t<\/div>\n\t\t\t\t<\/div>\n\t\t\t\t<div class=\"elementor-element elementor-element-587f1f16 elementor-widget elementor-widget-text-editor\" data-id=\"587f1f16\" data-element_type=\"widget\" data-widget_type=\"text-editor.default\">\n\t\t\t\t<div class=\"elementor-widget-container\">\n\t\t\t\t\t\t\t<h5>EMAIL :\u00a0<a title=\"\" href=\"mailto:event@chateaudechimay.be\" target=\"_blank\" rel=\"noopener noreferrer nofollow\" data-original-title=\"\" aria-describedby=\"tooltip657249\">EVENT@CHATEAUDECHIMAY.BE<\/a><\/h5><h5>TEL.: 00 32 60 21 45 31<\/h5>\t\t\t\t\t\t<\/div>\n\t\t\t\t<\/div>\n\t\t\t\t<div class=\"elementor-element elementor-element-56834fc1 elementor-widget-divider--view-line elementor-widget elementor-widget-divider\" data-id=\"56834fc1\" data-element_type=\"widget\" data-widget_type=\"divider.default\">\n\t\t\t\t<div class=\"elementor-widget-container\">\n\t\t\t\t\t<div class=\"elementor-divider\">\n\t\t\t<span class=\"elementor-divider-separator\">\n\t\t\t\t\t\t<\/span>\n\t\t<\/div>\n\t\t\t\t<\/div>\n\t\t\t\t<\/div>\n\t\t\t\t<div class=\"elementor-element elementor-element-4eb25bf8 elementor-widget elementor-widget-heading\" data-id=\"4eb25bf8\" data-element_type=\"widget\" data-widget_type=\"heading.default\">\n\t\t\t\t<div class=\"elementor-widget-container\">\n\t\t\t<h2 class=\"elementor-heading-title elementor-size-default\">IN DE PRAKTIJK<\/h2>\t\t<\/div>\n\t\t\t\t<\/div>\n\t\t\t\t<div class=\"elementor-element elementor-element-644182c1 elementor-widget elementor-widget-text-editor\" data-id=\"644182c1\" data-element_type=\"widget\" data-widget_type=\"text-editor.default\">\n\t\t\t\t<div class=\"elementor-widget-container\">\n\t\t\t\t\t\t\t<p>Parkeerplaats:<\/p><ul><li>Leopoldplein, 5 minuten te voet<\/li><li>Grote Markt, 2 minuten te voet<\/li><\/ul><p>Toegang tot het kasteel :<\/p><ul><li>Enkel te voet, de poort in de Rue du Ch\u00e2teau is geopend voor het concert<\/li><li>Ingang via de deur aan de rechterkant van de voorgevel van het kasteel, vlakbij de vierkante toren.<\/li><\/ul><p>Concerttijden :<\/p><ul><li>Deuren open om 18.30 uur<\/li><li>Concert begint om 19.30 uur precies<\/li><li>Einde van de avond rond 21.30 uur<\/li><\/ul><p>Duur:<\/p><ul><li>De programma&#8217;s bestaan over het algemeen uit twee delen, die elk ongeveer 45 minuten duren<\/li><li>15 minuten pauze tussen de twee delen van het concert<\/li><\/ul><p><a href=\"https:\/\/chateaudechimay.be\/nl\/cultureel-seizoen\/\">Ontdek onze andere concerten door hier te klikken.<\/a><\/p>\t\t\t\t\t\t<\/div>\n\t\t\t\t<\/div>\n\t\t\t\t\t<\/div>\n\t\t<\/div>\n\t\t\t\t\t<\/div>\n\t\t<\/section>\n\t\t\t\t<\/div>\n\t\t","protected":false},"excerpt":{"rendered":"<p>CONCERT: OPERA-ARIA&#8217;S Het Concert du Printemps des Voix maakt sinds 2019 deel uit van het artistieke seizoen in Ch\u00e2teau de Chimay. Dit concert, een niet te missen evenement voor operaliefhebbers, &#8230;<\/p>\n","protected":false},"author":20,"featured_media":848,"comment_status":"closed","ping_status":"open","sticky":false,"template":"","format":"standard","meta":{"_mi_skip_tracking":false},"categories":[4,10,11],"tags":[],"yoast_head":"<!-- This site is optimized with the Yoast SEO Premium plugin v20.2.1 (Yoast SEO v20.2.1) - https:\/\/yoast.com\/wordpress\/plugins\/seo\/ -->\n<title>Lente van stemmen 2025<\/title>\n<meta name=\"description\" content=\"Concert : Lente van stemmen 2025. Uitvoering van opera-aria&#039;s door lyrische artiesten die onze jaarlijkse masterclass hebben gevolgd.\" \/>\n<meta name=\"robots\" content=\"index, follow, max-snippet:-1, max-image-preview:large, max-video-preview:-1\" \/>\n<link rel=\"canonical\" href=\"https:\/\/chateaudechimay.be\/nl\/lente-van-stemmen-zaterdag-12-april-2025-om-19-30-uur\/\" \/>\n<meta property=\"og:locale\" content=\"fr_FR\" \/>\n<meta property=\"og:type\" content=\"article\" \/>\n<meta property=\"og:title\" content=\"Lente van stemmen - Zaterdag 12 april 2025 om 19.30 uur\" \/>\n<meta property=\"og:description\" content=\"Concert : Lente van stemmen 2025. Uitvoering van opera-aria&#039;s door lyrische artiesten die onze jaarlijkse masterclass hebben gevolgd.\" \/>\n<meta property=\"og:url\" content=\"https:\/\/chateaudechimay.be\/nl\/lente-van-stemmen-zaterdag-12-april-2025-om-19-30-uur\/\" \/>\n<meta property=\"og:site_name\" content=\"Het Kasteel van Chimay\" \/>\n<meta property=\"article:published_time\" content=\"2025-03-21T08:56:14+00:00\" \/>\n<meta property=\"article:modified_time\" content=\"2025-03-21T14:55:44+00:00\" \/>\n<meta property=\"og:image\" content=\"https:\/\/chateaudechimay.be\/nl\/wp-content\/uploads\/sites\/2\/2023\/02\/Concert-8-4-2023-Printemps-des-voix-Adulte-scaled-1.jpg\" \/>\n\t<meta property=\"og:image:width\" content=\"800\" \/>\n\t<meta property=\"og:image:height\" content=\"449\" \/>\n\t<meta property=\"og:image:type\" content=\"image\/jpeg\" \/>\n<meta name=\"author\" content=\"Emma\" \/>\n<meta name=\"twitter:card\" content=\"summary_large_image\" \/>\n<meta name=\"twitter:label1\" content=\"\u00c9crit par\" \/>\n\t<meta name=\"twitter:data1\" content=\"Emma\" \/>\n\t<meta name=\"twitter:label2\" content=\"Dur\u00e9e de lecture estim\u00e9e\" \/>\n\t<meta name=\"twitter:data2\" content=\"17 minutes\" \/>\n<script type=\"application\/ld+json\" class=\"yoast-schema-graph\">{\"@context\":\"https:\/\/schema.org\",\"@graph\":[{\"@type\":\"WebPage\",\"@id\":\"https:\/\/chateaudechimay.be\/nl\/lente-van-stemmen-zaterdag-12-april-2025-om-19-30-uur\/\",\"url\":\"https:\/\/chateaudechimay.be\/nl\/lente-van-stemmen-zaterdag-12-april-2025-om-19-30-uur\/\",\"name\":\"Lente van stemmen 2025\",\"isPartOf\":{\"@id\":\"https:\/\/chateaudechimay.be\/nl\/#website\"},\"datePublished\":\"2025-03-21T08:56:14+00:00\",\"dateModified\":\"2025-03-21T14:55:44+00:00\",\"author\":{\"@id\":\"https:\/\/chateaudechimay.be\/nl\/#\/schema\/person\/6b40ad2508150d3a64acb1cfed844fa6\"},\"description\":\"Concert : Lente van stemmen 2025. Uitvoering van opera-aria's door lyrische artiesten die onze jaarlijkse masterclass hebben gevolgd.\",\"breadcrumb\":{\"@id\":\"https:\/\/chateaudechimay.be\/nl\/lente-van-stemmen-zaterdag-12-april-2025-om-19-30-uur\/#breadcrumb\"},\"inLanguage\":\"fr-FR\",\"potentialAction\":[{\"@type\":\"ReadAction\",\"target\":[\"https:\/\/chateaudechimay.be\/nl\/lente-van-stemmen-zaterdag-12-april-2025-om-19-30-uur\/\"]}]},{\"@type\":\"BreadcrumbList\",\"@id\":\"https:\/\/chateaudechimay.be\/nl\/lente-van-stemmen-zaterdag-12-april-2025-om-19-30-uur\/#breadcrumb\",\"itemListElement\":[{\"@type\":\"ListItem\",\"position\":1,\"name\":\"Accueil\",\"item\":\"https:\/\/chateaudechimay.be\/nl\/\"},{\"@type\":\"ListItem\",\"position\":2,\"name\":\"Lente van stemmen &#8211; Zaterdag 12 april 2025 om 19.30 uur\"}]},{\"@type\":\"WebSite\",\"@id\":\"https:\/\/chateaudechimay.be\/nl\/#website\",\"url\":\"https:\/\/chateaudechimay.be\/nl\/\",\"name\":\"Het Kasteel van Chimay\",\"description\":\"Ontdek geschiedenis van het Kasteel van Chimay\",\"potentialAction\":[{\"@type\":\"SearchAction\",\"target\":{\"@type\":\"EntryPoint\",\"urlTemplate\":\"https:\/\/chateaudechimay.be\/nl\/?s={search_term_string}\"},\"query-input\":\"required name=search_term_string\"}],\"inLanguage\":\"fr-FR\"},{\"@type\":\"Person\",\"@id\":\"https:\/\/chateaudechimay.be\/nl\/#\/schema\/person\/6b40ad2508150d3a64acb1cfed844fa6\",\"name\":\"Emma\",\"image\":{\"@type\":\"ImageObject\",\"inLanguage\":\"fr-FR\",\"@id\":\"https:\/\/chateaudechimay.be\/nl\/#\/schema\/person\/image\/\",\"url\":\"https:\/\/secure.gravatar.com\/avatar\/fa0880199c7a82f107a88c54fd869bcc?s=96&d=mm&r=g\",\"contentUrl\":\"https:\/\/secure.gravatar.com\/avatar\/fa0880199c7a82f107a88c54fd869bcc?s=96&d=mm&r=g\",\"caption\":\"Emma\"},\"url\":\"https:\/\/chateaudechimay.be\/nl\/author\/coordinatrice\/\"}]}<\/script>\n<!-- \/ Yoast SEO Premium plugin. -->","yoast_head_json":{"title":"Lente van stemmen 2025","description":"Concert : Lente van stemmen 2025. Uitvoering van opera-aria's door lyrische artiesten die onze jaarlijkse masterclass hebben gevolgd.","robots":{"index":"index","follow":"follow","max-snippet":"max-snippet:-1","max-image-preview":"max-image-preview:large","max-video-preview":"max-video-preview:-1"},"canonical":"https:\/\/chateaudechimay.be\/nl\/lente-van-stemmen-zaterdag-12-april-2025-om-19-30-uur\/","og_locale":"fr_FR","og_type":"article","og_title":"Lente van stemmen - Zaterdag 12 april 2025 om 19.30 uur","og_description":"Concert : Lente van stemmen 2025. Uitvoering van opera-aria's door lyrische artiesten die onze jaarlijkse masterclass hebben gevolgd.","og_url":"https:\/\/chateaudechimay.be\/nl\/lente-van-stemmen-zaterdag-12-april-2025-om-19-30-uur\/","og_site_name":"Het Kasteel van Chimay","article_published_time":"2025-03-21T08:56:14+00:00","article_modified_time":"2025-03-21T14:55:44+00:00","og_image":[{"width":800,"height":449,"url":"https:\/\/chateaudechimay.be\/nl\/wp-content\/uploads\/sites\/2\/2023\/02\/Concert-8-4-2023-Printemps-des-voix-Adulte-scaled-1.jpg","type":"image\/jpeg"}],"author":"Emma","twitter_card":"summary_large_image","twitter_misc":{"\u00c9crit par":"Emma","Dur\u00e9e de lecture estim\u00e9e":"17 minutes"},"schema":{"@context":"https:\/\/schema.org","@graph":[{"@type":"WebPage","@id":"https:\/\/chateaudechimay.be\/nl\/lente-van-stemmen-zaterdag-12-april-2025-om-19-30-uur\/","url":"https:\/\/chateaudechimay.be\/nl\/lente-van-stemmen-zaterdag-12-april-2025-om-19-30-uur\/","name":"Lente van stemmen 2025","isPartOf":{"@id":"https:\/\/chateaudechimay.be\/nl\/#website"},"datePublished":"2025-03-21T08:56:14+00:00","dateModified":"2025-03-21T14:55:44+00:00","author":{"@id":"https:\/\/chateaudechimay.be\/nl\/#\/schema\/person\/6b40ad2508150d3a64acb1cfed844fa6"},"description":"Concert : Lente van stemmen 2025. Uitvoering van opera-aria's door lyrische artiesten die onze jaarlijkse masterclass hebben gevolgd.","breadcrumb":{"@id":"https:\/\/chateaudechimay.be\/nl\/lente-van-stemmen-zaterdag-12-april-2025-om-19-30-uur\/#breadcrumb"},"inLanguage":"fr-FR","potentialAction":[{"@type":"ReadAction","target":["https:\/\/chateaudechimay.be\/nl\/lente-van-stemmen-zaterdag-12-april-2025-om-19-30-uur\/"]}]},{"@type":"BreadcrumbList","@id":"https:\/\/chateaudechimay.be\/nl\/lente-van-stemmen-zaterdag-12-april-2025-om-19-30-uur\/#breadcrumb","itemListElement":[{"@type":"ListItem","position":1,"name":"Accueil","item":"https:\/\/chateaudechimay.be\/nl\/"},{"@type":"ListItem","position":2,"name":"Lente van stemmen &#8211; Zaterdag 12 april 2025 om 19.30 uur"}]},{"@type":"WebSite","@id":"https:\/\/chateaudechimay.be\/nl\/#website","url":"https:\/\/chateaudechimay.be\/nl\/","name":"Het Kasteel van Chimay","description":"Ontdek geschiedenis van het Kasteel van Chimay","potentialAction":[{"@type":"SearchAction","target":{"@type":"EntryPoint","urlTemplate":"https:\/\/chateaudechimay.be\/nl\/?s={search_term_string}"},"query-input":"required name=search_term_string"}],"inLanguage":"fr-FR"},{"@type":"Person","@id":"https:\/\/chateaudechimay.be\/nl\/#\/schema\/person\/6b40ad2508150d3a64acb1cfed844fa6","name":"Emma","image":{"@type":"ImageObject","inLanguage":"fr-FR","@id":"https:\/\/chateaudechimay.be\/nl\/#\/schema\/person\/image\/","url":"https:\/\/secure.gravatar.com\/avatar\/fa0880199c7a82f107a88c54fd869bcc?s=96&d=mm&r=g","contentUrl":"https:\/\/secure.gravatar.com\/avatar\/fa0880199c7a82f107a88c54fd869bcc?s=96&d=mm&r=g","caption":"Emma"},"url":"https:\/\/chateaudechimay.be\/nl\/author\/coordinatrice\/"}]}},"_links":{"self":[{"href":"https:\/\/chateaudechimay.be\/nl\/wp-json\/wp\/v2\/posts\/1394"}],"collection":[{"href":"https:\/\/chateaudechimay.be\/nl\/wp-json\/wp\/v2\/posts"}],"about":[{"href":"https:\/\/chateaudechimay.be\/nl\/wp-json\/wp\/v2\/types\/post"}],"author":[{"embeddable":true,"href":"https:\/\/chateaudechimay.be\/nl\/wp-json\/wp\/v2\/users\/20"}],"replies":[{"embeddable":true,"href":"https:\/\/chateaudechimay.be\/nl\/wp-json\/wp\/v2\/comments?post=1394"}],"version-history":[{"count":26,"href":"https:\/\/chateaudechimay.be\/nl\/wp-json\/wp\/v2\/posts\/1394\/revisions"}],"predecessor-version":[{"id":1511,"href":"https:\/\/chateaudechimay.be\/nl\/wp-json\/wp\/v2\/posts\/1394\/revisions\/1511"}],"wp:featuredmedia":[{"embeddable":true,"href":"https:\/\/chateaudechimay.be\/nl\/wp-json\/wp\/v2\/media\/848"}],"wp:attachment":[{"href":"https:\/\/chateaudechimay.be\/nl\/wp-json\/wp\/v2\/media?parent=1394"}],"wp:term":[{"taxonomy":"category","embeddable":true,"href":"https:\/\/chateaudechimay.be\/nl\/wp-json\/wp\/v2\/categories?post=1394"},{"taxonomy":"post_tag","embeddable":true,"href":"https:\/\/chateaudechimay.be\/nl\/wp-json\/wp\/v2\/tags?post=1394"}],"curies":[{"name":"wp","href":"https:\/\/api.w.org\/{rel}","templated":true}]}}