{"id":1424,"date":"2025-03-21T10:15:22","date_gmt":"2025-03-21T09:15:22","guid":{"rendered":"https:\/\/chateaudechimay.be\/nl\/?p=1424"},"modified":"2025-03-21T12:31:42","modified_gmt":"2025-03-21T11:31:42","slug":"valere-burnon-en-nour-ayadi-pianorecitals","status":"publish","type":"post","link":"https:\/\/chateaudechimay.be\/nl\/valere-burnon-en-nour-ayadi-pianorecitals\/","title":{"rendered":"Val\u00e8re Burnon en Nour Ayadi &#8211; Zaterdag 26 april 2025 om 19.30 uur"},"content":{"rendered":"\t\t<div data-elementor-type=\"wp-post\" data-elementor-id=\"1424\" class=\"elementor elementor-1424\">\n\t\t\t\t\t\t<section class=\"elementor-section elementor-top-section elementor-element elementor-element-33731c31 elementor-section-boxed elementor-section-height-default elementor-section-height-default\" data-id=\"33731c31\" data-element_type=\"section\">\n\t\t\t\t\t\t<div class=\"elementor-container elementor-column-gap-default\">\n\t\t\t\t\t<div class=\"elementor-column elementor-col-100 elementor-top-column elementor-element elementor-element-546c3461\" data-id=\"546c3461\" data-element_type=\"column\">\n\t\t\t<div class=\"elementor-widget-wrap elementor-element-populated\">\n\t\t\t\t\t\t<div class=\"elementor-element elementor-element-58970cee elementor-widget elementor-widget-heading\" data-id=\"58970cee\" data-element_type=\"widget\" data-widget_type=\"heading.default\">\n\t\t\t\t<div class=\"elementor-widget-container\">\n\t\t\t<h2 class=\"elementor-heading-title elementor-size-default\">PIANO RECITALEN<\/h2>\t\t<\/div>\n\t\t\t\t<\/div>\n\t\t\t\t<div class=\"elementor-element elementor-element-ebf2eac elementor-widget elementor-widget-text-editor\" data-id=\"ebf2eac\" data-element_type=\"widget\" data-widget_type=\"text-editor.default\">\n\t\t\t\t<div class=\"elementor-widget-container\">\n\t\t\t\t\t\t\t<p>Maak kennis met Val\u00e8re Burnon, kandidaat voor de Koningin Elisabethwedstrijd 2025, en Nour Ayadi, een getalenteerde jonge pianiste.<\/p>\t\t\t\t\t\t<\/div>\n\t\t\t\t<\/div>\n\t\t\t\t\t<\/div>\n\t\t<\/div>\n\t\t\t\t\t<\/div>\n\t\t<\/section>\n\t\t\t\t<section class=\"elementor-section elementor-top-section elementor-element elementor-element-12cb0ad elementor-section-boxed elementor-section-height-default elementor-section-height-default\" data-id=\"12cb0ad\" data-element_type=\"section\">\n\t\t\t\t\t\t<div class=\"elementor-container elementor-column-gap-default\">\n\t\t\t\t\t<div class=\"elementor-column elementor-col-100 elementor-top-column elementor-element elementor-element-5de9ca6c\" data-id=\"5de9ca6c\" data-element_type=\"column\">\n\t\t\t<div class=\"elementor-widget-wrap elementor-element-populated\">\n\t\t\t\t\t\t<div class=\"elementor-element elementor-element-4cdefee5 elementor-widget-divider--view-line elementor-widget elementor-widget-divider\" data-id=\"4cdefee5\" data-element_type=\"widget\" data-widget_type=\"divider.default\">\n\t\t\t\t<div class=\"elementor-widget-container\">\n\t\t\t\t\t<div class=\"elementor-divider\">\n\t\t\t<span class=\"elementor-divider-separator\">\n\t\t\t\t\t\t<\/span>\n\t\t<\/div>\n\t\t\t\t<\/div>\n\t\t\t\t<\/div>\n\t\t\t\t\t<\/div>\n\t\t<\/div>\n\t\t\t\t\t<\/div>\n\t\t<\/section>\n\t\t\t\t<section class=\"elementor-section elementor-top-section elementor-element elementor-element-57cbe33c elementor-section-boxed elementor-section-height-default elementor-section-height-default\" data-id=\"57cbe33c\" data-element_type=\"section\">\n\t\t\t\t\t\t<div class=\"elementor-container elementor-column-gap-default\">\n\t\t\t\t\t<div class=\"elementor-column elementor-col-100 elementor-top-column elementor-element elementor-element-5b05e69f\" data-id=\"5b05e69f\" data-element_type=\"column\">\n\t\t\t<div class=\"elementor-widget-wrap elementor-element-populated\">\n\t\t\t\t\t\t<div class=\"elementor-element elementor-element-7bddea7f elementor-widget elementor-widget-heading\" data-id=\"7bddea7f\" data-element_type=\"widget\" data-widget_type=\"heading.default\">\n\t\t\t\t<div class=\"elementor-widget-container\">\n\t\t\t<h2 class=\"elementor-heading-title elementor-size-default\">PROGRAMMA<\/h2>\t\t<\/div>\n\t\t\t\t<\/div>\n\t\t\t\t\t<\/div>\n\t\t<\/div>\n\t\t\t\t\t<\/div>\n\t\t<\/section>\n\t\t\t\t<section class=\"elementor-section elementor-top-section elementor-element elementor-element-7e6034b4 elementor-section-boxed elementor-section-height-default elementor-section-height-default\" data-id=\"7e6034b4\" data-element_type=\"section\">\n\t\t\t\t\t\t<div class=\"elementor-container elementor-column-gap-default\">\n\t\t\t\t\t<div class=\"elementor-column elementor-col-100 elementor-top-column elementor-element elementor-element-253caaa8\" data-id=\"253caaa8\" data-element_type=\"column\">\n\t\t\t<div class=\"elementor-widget-wrap elementor-element-populated\">\n\t\t\t\t\t\t<div class=\"elementor-element elementor-element-9496b36 elementor-widget elementor-widget-text-editor\" data-id=\"9496b36\" data-element_type=\"widget\" data-widget_type=\"text-editor.default\">\n\t\t\t\t<div class=\"elementor-widget-container\">\n\t\t\t\t\t\t\t<p><span style=\"text-decoration: underline\"><strong>Val\u00e8re Burnon<\/strong><\/span><\/p><p><b>Gabriel Faur\u00e9\u00a0<\/b><\/p><p>Nocturne n\u00ba6 en r\u00e9 b\u00e9mol majeur Op. 63<\/p><p>\u00a0<\/p><p><b><strong>Ludwig van Beethoven<\/strong><\/b><\/p><p>Sonate n\u00ba7 en r\u00e9 majeur Op. 10 n\u00ba3<\/p><ul><li>I. Presto<\/li><\/ul><p>\u00a0<\/p><p><b>Gy\u00f6rgy Ligeti<\/b><\/p><p>\u00c9tude n\u00ba13 \u00ab L\u2019escalier du diable \u00bb<\/p><p>\u00a0<\/p><p><b>Robert Schumann\u00a0<\/b><\/p><p>Fantaisie en do majeur op. 17<\/p><ul><li>I. Durchaus phantastisch und leidenschaftlich vorzutragen<\/li><li>II. M\u00e4\u00dfig. Durchaus energetisch<\/li><\/ul><p>\u00a0<\/p><p>\u2014 Pauze \u2014<\/p><p>\u00a0<\/p><p><span style=\"text-decoration: underline\"><strong>Nour Ayadi<\/strong><\/span><\/p><p>\u00a0<\/p><p><strong>Ferruccio Busoni<\/strong><\/p><p>Sonatina Seconda<\/p><ul><li><p>Il tutto vivace, fantastico, con energia, capriccio e sentimento<\/p><\/li><li><p>Un poco pi\u00f9 sostenuto e posato<\/p><\/li><li><p>Con fuoco, energicissimo<\/p><\/li><li><p>Lento occulto<\/p><\/li><li><p>Andante tranquillo<\/p><\/li><li><p>Calmissimo<\/p><\/li><li><p>Piuttosto Adagio<\/p><\/li><li><p>Sostento, un poco marziale<\/p><\/li><\/ul><p><strong>Ludwig van Beethoven<\/strong><\/p><p>Sonate Op.31, n\u00b03<\/p><ul><li><p>Allegro<\/p><\/li><\/ul><p>\u00a0<\/p><p><strong>Fr\u00e9d\u00e9ric Chopin<\/strong><\/p><p>\u00c9tude Op.10<\/p><ul><li><p>\u00c9tude in A-flat major<\/p><\/li><\/ul><p>\u00a0<\/p><p><strong>Franz Liszt<\/strong><\/p><p>\u00c9tude d\u2019ex\u00e9cution transcendante n\u00b012<\/p><ul><li><p>Chasse-Neige<\/p><\/li><\/ul><p>\u00a0<\/p><p><strong>Gy\u00f6rgy Ligeti<\/strong><\/p><p>\u00c9tudes pour piano<\/p><ul><li><p>Galamb Borong<\/p><\/li><\/ul><p>\u00a0<\/p><p><strong>Claude Debussy<\/strong><\/p><p>Douze \u00e9tudes pour piano<\/p><ul><li><p>Pour les quartes<\/p><\/li><\/ul><p>\u00a0<\/p><p><strong>Franz Liszt<\/strong><\/p><p>Ann\u00e9es de p\u00e8lerinage II<\/p><ul><li><p>Apr\u00e8s une lecture du Dante. Fantasia quasi Sonata<\/p><\/li><\/ul><p>\u00a0<\/p><p><strong>Franz Liszt<\/strong><\/p><p>\u00c9tude d\u2019ex\u00e9cution transcendante n\u00b012<\/p><ul><li><p>Eroica<\/p><\/li><\/ul>\t\t\t\t\t\t<\/div>\n\t\t\t\t<\/div>\n\t\t\t\t\t<\/div>\n\t\t<\/div>\n\t\t\t\t\t<\/div>\n\t\t<\/section>\n\t\t\t\t<section class=\"elementor-section elementor-top-section elementor-element elementor-element-6945d36b elementor-section-boxed elementor-section-height-default elementor-section-height-default\" data-id=\"6945d36b\" data-element_type=\"section\">\n\t\t\t\t\t\t<div class=\"elementor-container elementor-column-gap-default\">\n\t\t\t\t\t<div class=\"elementor-column elementor-col-100 elementor-top-column elementor-element elementor-element-3b41e53\" data-id=\"3b41e53\" data-element_type=\"column\">\n\t\t\t<div class=\"elementor-widget-wrap elementor-element-populated\">\n\t\t\t\t\t\t<div class=\"elementor-element elementor-element-745bf93d elementor-widget-divider--view-line elementor-widget elementor-widget-divider\" data-id=\"745bf93d\" data-element_type=\"widget\" data-widget_type=\"divider.default\">\n\t\t\t\t<div class=\"elementor-widget-container\">\n\t\t\t\t\t<div class=\"elementor-divider\">\n\t\t\t<span class=\"elementor-divider-separator\">\n\t\t\t\t\t\t<\/span>\n\t\t<\/div>\n\t\t\t\t<\/div>\n\t\t\t\t<\/div>\n\t\t\t\t\t<\/div>\n\t\t<\/div>\n\t\t\t\t\t<\/div>\n\t\t<\/section>\n\t\t\t\t<section class=\"elementor-section elementor-top-section elementor-element elementor-element-35b3a70f elementor-section-boxed elementor-section-height-default elementor-section-height-default\" data-id=\"35b3a70f\" data-element_type=\"section\">\n\t\t\t\t\t\t<div class=\"elementor-container elementor-column-gap-default\">\n\t\t\t\t\t<div class=\"elementor-column elementor-col-100 elementor-top-column elementor-element elementor-element-399793f2\" data-id=\"399793f2\" data-element_type=\"column\">\n\t\t\t<div class=\"elementor-widget-wrap elementor-element-populated\">\n\t\t\t\t\t\t<div class=\"elementor-element elementor-element-31ac7b46 elementor-widget elementor-widget-heading\" data-id=\"31ac7b46\" data-element_type=\"widget\" data-widget_type=\"heading.default\">\n\t\t\t\t<div class=\"elementor-widget-container\">\n\t\t\t<h2 class=\"elementor-heading-title elementor-size-default\">TARIEF<\/h2>\t\t<\/div>\n\t\t\t\t<\/div>\n\t\t\t\t\t<\/div>\n\t\t<\/div>\n\t\t\t\t\t<\/div>\n\t\t<\/section>\n\t\t\t\t<section class=\"elementor-section elementor-top-section elementor-element elementor-element-79ce927b elementor-section-boxed elementor-section-height-default elementor-section-height-default\" data-id=\"79ce927b\" data-element_type=\"section\">\n\t\t\t\t\t\t<div class=\"elementor-container elementor-column-gap-default\">\n\t\t\t\t\t<div class=\"elementor-column elementor-col-100 elementor-top-column elementor-element elementor-element-7417feb6\" data-id=\"7417feb6\" data-element_type=\"column\">\n\t\t\t<div class=\"elementor-widget-wrap elementor-element-populated\">\n\t\t\t\t\t\t<div class=\"elementor-element elementor-element-95e6902 elementor-widget elementor-widget-text-editor\" data-id=\"95e6902\" data-element_type=\"widget\" data-widget_type=\"text-editor.default\">\n\t\t\t\t<div class=\"elementor-widget-container\">\n\t\t\t\t\t\t\t<p><span style=\"color: #333333;font-family: Helvetica;font-size: 1.25rem;font-weight: 600\">32\u20ac \/ Volwassene<br \/>30\u20ac \/ Senior (+60 jaar)<br \/>15\u20ac \/ Jongeren (onder 25)<\/span><\/p>\t\t\t\t\t\t<\/div>\n\t\t\t\t<\/div>\n\t\t\t\t\t<\/div>\n\t\t<\/div>\n\t\t\t\t\t<\/div>\n\t\t<\/section>\n\t\t\t\t<section class=\"elementor-section elementor-top-section elementor-element elementor-element-2980701a elementor-section-boxed elementor-section-height-default elementor-section-height-default\" data-id=\"2980701a\" data-element_type=\"section\">\n\t\t\t\t\t\t<div class=\"elementor-container elementor-column-gap-default\">\n\t\t\t\t\t<div class=\"elementor-column elementor-col-100 elementor-top-column elementor-element elementor-element-52506a13\" data-id=\"52506a13\" data-element_type=\"column\">\n\t\t\t<div class=\"elementor-widget-wrap elementor-element-populated\">\n\t\t\t\t\t\t<div class=\"elementor-element elementor-element-75be6b42 elementor-widget-divider--view-line elementor-widget elementor-widget-divider\" data-id=\"75be6b42\" data-element_type=\"widget\" data-widget_type=\"divider.default\">\n\t\t\t\t<div class=\"elementor-widget-container\">\n\t\t\t\t\t<div class=\"elementor-divider\">\n\t\t\t<span class=\"elementor-divider-separator\">\n\t\t\t\t\t\t<\/span>\n\t\t<\/div>\n\t\t\t\t<\/div>\n\t\t\t\t<\/div>\n\t\t\t\t\t<\/div>\n\t\t<\/div>\n\t\t\t\t\t<\/div>\n\t\t<\/section>\n\t\t\t\t<section class=\"elementor-section elementor-top-section elementor-element elementor-element-28972ccc elementor-section-boxed elementor-section-height-default elementor-section-height-default\" data-id=\"28972ccc\" data-element_type=\"section\">\n\t\t\t\t\t\t<div class=\"elementor-container elementor-column-gap-default\">\n\t\t\t\t\t<div class=\"elementor-column elementor-col-100 elementor-top-column elementor-element elementor-element-39193900\" data-id=\"39193900\" data-element_type=\"column\">\n\t\t\t<div class=\"elementor-widget-wrap elementor-element-populated\">\n\t\t\t\t\t\t<div class=\"elementor-element elementor-element-5553c1e6 elementor-widget elementor-widget-heading\" data-id=\"5553c1e6\" data-element_type=\"widget\" data-widget_type=\"heading.default\">\n\t\t\t\t<div class=\"elementor-widget-container\">\n\t\t\t<h2 class=\"elementor-heading-title elementor-size-default\">TICKETS<\/h2>\t\t<\/div>\n\t\t\t\t<\/div>\n\t\t\t\t\t<\/div>\n\t\t<\/div>\n\t\t\t\t\t<\/div>\n\t\t<\/section>\n\t\t\t\t<section class=\"elementor-section elementor-top-section elementor-element elementor-element-241c3e47 elementor-section-content-middle elementor-section-boxed elementor-section-height-default elementor-section-height-default\" data-id=\"241c3e47\" data-element_type=\"section\">\n\t\t\t\t\t\t<div class=\"elementor-container elementor-column-gap-default\">\n\t\t\t\t\t<div class=\"elementor-column elementor-col-100 elementor-top-column elementor-element elementor-element-397fda3a\" data-id=\"397fda3a\" data-element_type=\"column\">\n\t\t\t<div class=\"elementor-widget-wrap elementor-element-populated\">\n\t\t\t\t\t\t<div class=\"elementor-element elementor-element-1d849ad6 elementor-align-center elementor-widget elementor-widget-button\" data-id=\"1d849ad6\" data-element_type=\"widget\" data-widget_type=\"button.default\">\n\t\t\t\t<div class=\"elementor-widget-container\">\n\t\t\t\t\t<div class=\"elementor-button-wrapper\">\n\t\t\t<a class=\"elementor-button elementor-button-link elementor-size-xl\" href=\"https:\/\/www.event.chateaudechimay.be\/event\">\n\t\t\t\t\t\t<span class=\"elementor-button-content-wrapper\">\n\t\t\t\t\t\t<span class=\"elementor-button-text\">Online tickets bestellen<\/span>\n\t\t<\/span>\n\t\t\t\t\t<\/a>\n\t\t<\/div>\n\t\t\t\t<\/div>\n\t\t\t\t<\/div>\n\t\t\t\t\t<\/div>\n\t\t<\/div>\n\t\t\t\t\t<\/div>\n\t\t<\/section>\n\t\t\t\t<section class=\"elementor-section elementor-top-section elementor-element elementor-element-685ef958 elementor-section-boxed elementor-section-height-default elementor-section-height-default\" data-id=\"685ef958\" data-element_type=\"section\">\n\t\t\t\t\t\t<div class=\"elementor-container elementor-column-gap-default\">\n\t\t\t\t\t<div class=\"elementor-column elementor-col-100 elementor-top-column elementor-element elementor-element-67691c51\" data-id=\"67691c51\" data-element_type=\"column\">\n\t\t\t<div class=\"elementor-widget-wrap elementor-element-populated\">\n\t\t\t\t\t\t<div class=\"elementor-element elementor-element-4c41b0d5 elementor-widget-divider--view-line elementor-widget elementor-widget-divider\" data-id=\"4c41b0d5\" data-element_type=\"widget\" data-widget_type=\"divider.default\">\n\t\t\t\t<div class=\"elementor-widget-container\">\n\t\t\t\t\t<div class=\"elementor-divider\">\n\t\t\t<span class=\"elementor-divider-separator\">\n\t\t\t\t\t\t<\/span>\n\t\t<\/div>\n\t\t\t\t<\/div>\n\t\t\t\t<\/div>\n\t\t\t\t\t<\/div>\n\t\t<\/div>\n\t\t\t\t\t<\/div>\n\t\t<\/section>\n\t\t\t\t<section class=\"elementor-section elementor-top-section elementor-element elementor-element-240a20fe elementor-section-boxed elementor-section-height-default elementor-section-height-default\" data-id=\"240a20fe\" data-element_type=\"section\">\n\t\t\t\t\t\t<div class=\"elementor-container elementor-column-gap-default\">\n\t\t\t\t\t<div class=\"elementor-column elementor-col-100 elementor-top-column elementor-element elementor-element-6ac29b29\" data-id=\"6ac29b29\" data-element_type=\"column\">\n\t\t\t<div class=\"elementor-widget-wrap elementor-element-populated\">\n\t\t\t\t\t\t<div class=\"elementor-element elementor-element-5dff915e elementor-widget elementor-widget-image\" data-id=\"5dff915e\" data-element_type=\"widget\" data-widget_type=\"image.default\">\n\t\t\t\t<div class=\"elementor-widget-container\">\n\t\t\t\t\t\t\t\t\t\t\t\t\t<img fetchpriority=\"high\" width=\"800\" height=\"800\" src=\"https:\/\/chateaudechimay.be\/nl\/wp-content\/uploads\/sites\/2\/2025\/03\/Vale\u0300re-Burnon-2024-2-1024x1024.jpg\" class=\"attachment-large size-large wp-image-1427\" alt=\"Vale\u0300re Burnon\" srcset=\"https:\/\/chateaudechimay.be\/nl\/wp-content\/uploads\/sites\/2\/2025\/03\/Vale\u0300re-Burnon-2024-2-1024x1024.jpg 1024w, https:\/\/chateaudechimay.be\/nl\/wp-content\/uploads\/sites\/2\/2025\/03\/Vale\u0300re-Burnon-2024-2-300x300.jpg 300w, https:\/\/chateaudechimay.be\/nl\/wp-content\/uploads\/sites\/2\/2025\/03\/Vale\u0300re-Burnon-2024-2-150x150.jpg 150w, https:\/\/chateaudechimay.be\/nl\/wp-content\/uploads\/sites\/2\/2025\/03\/Vale\u0300re-Burnon-2024-2-768x768.jpg 768w, https:\/\/chateaudechimay.be\/nl\/wp-content\/uploads\/sites\/2\/2025\/03\/Vale\u0300re-Burnon-2024-2-1536x1536.jpg 1536w, https:\/\/chateaudechimay.be\/nl\/wp-content\/uploads\/sites\/2\/2025\/03\/Vale\u0300re-Burnon-2024-2.jpg 1580w\" sizes=\"(max-width: 800px) 100vw, 800px\" \/>\t\t\t\t\t\t\t\t\t\t\t\t\t<\/div>\n\t\t\t\t<\/div>\n\t\t\t\t<div class=\"elementor-element elementor-element-6a2570df elementor-widget elementor-widget-heading\" data-id=\"6a2570df\" data-element_type=\"widget\" data-widget_type=\"heading.default\">\n\t\t\t\t<div class=\"elementor-widget-container\">\n\t\t\t<h2 class=\"elementor-heading-title elementor-size-default\">Val\u00e8re Burnon, Belgisch pianist<\/h2>\t\t<\/div>\n\t\t\t\t<\/div>\n\t\t\t\t<div class=\"elementor-element elementor-element-1d8856ce elementor-widget elementor-widget-text-editor\" data-id=\"1d8856ce\" data-element_type=\"widget\" data-widget_type=\"text-editor.default\">\n\t\t\t\t<div class=\"elementor-widget-container\">\n\t\t\t\t\t\t\t<p>Val\u00e8re Burnon is geboren in 1998 en komt uit Marche-en-Famenne (Belgi\u00eb). Val\u00e8re ontdekte de muziek op de viool toen hij zes jaar oud was en begon piano te spelen toen hij zeven jaar oud was.<\/p><p>Na zijn bachelor aan het Conservatoire Royal de Li\u00e8ge ging hij studeren aan de Hochschule f\u00fcr Musik und Tanz K\u00f6ln in Wuppertal. In 2021 behaalde hij zijn Master of Music met grote onderscheiding. In september 2021 werd Val\u00e8re toegelaten tot de prestigieuze Accademia Pianistica &#8216;Incontri col maestro&#8217; in Imola, waar hij zijn benadering van de piano verbeterde bij pianist en docent Leonid Margarius.<\/p><p>In april 2022 werd Val\u00e8re toegelaten tot de prestigieuze Chapelle Koningin Elisabeth Muziekkapel, waar hij profiteerde van de onschatbare artistieke begeleiding van Frank Braley, Avo Kouyoumdjian en Jean-Claude Vanden Eynden.<\/p><p>In februari 2025 werd Val\u00e8re uit 289 aanmeldingen geselecteerd als een van de 70 kandidaten voor de Koningin Elisabethwedstrijd voor piano 2025.<\/p>\t\t\t\t\t\t<\/div>\n\t\t\t\t<\/div>\n\t\t\t\t<div class=\"elementor-element elementor-element-1caca4d elementor-widget elementor-widget-heading\" data-id=\"1caca4d\" data-element_type=\"widget\" data-widget_type=\"heading.default\">\n\t\t\t\t<div class=\"elementor-widget-container\">\n\t\t\t<h4 class=\"elementor-heading-title elementor-size-default\">Internationale carri\u00e8re<\/h4>\t\t<\/div>\n\t\t\t\t<\/div>\n\t\t\t\t<div class=\"elementor-element elementor-element-5e40a566 elementor-widget elementor-widget-text-editor\" data-id=\"5e40a566\" data-element_type=\"widget\" data-widget_type=\"text-editor.default\">\n\t\t\t\t<div class=\"elementor-widget-container\">\n\t\t\t\t\t\t\t<p>Met name dankzij zijn eerste prijzen bij het prestigieuze \u00c9pinal International Piano Competition in 2019 en het Bremen European Piano Competition in 2021, en zijn tweede prijs bij het Viotti Concours in Vercelli in 2023, Val\u00e8re krijgt steeds meer kansen om zijn talent te laten horen op festivals en concertreeksen, maar ook op prestigieuze podia zoals de Salle philharmonique in Luik, de Historische Stadthalle in Wuppertal, Studio 4 in Flagey in Brussel, de Tonhalle in D\u00fcsseldorf, de Philharmonie in Keulen, de Salle Cortot in Parijs, enz. Hij heeft ook de kans gehad om samen te spelen met gerenommeerde orkesten zoals het Orchestre philharmonique de Li\u00e8ge, het Orchestre Royal de Chambre de Wallonie, het Orchestre symphonique de Metz en het Milan Symphony Orchestra.<\/p><p>Zijn liefde voor de viool, zijn eerste instrument, maakt dat Val\u00e8re een bijzondere voorliefde heeft voor het kamermuziekrepertoire, zowel in duobezettingen als binnen grotere ensembles zoals kwartetten of kwintetten. Sinds 2022 doceert hij kamermuziek aan het Conservatoire Royal de Li\u00e8ge, waar hij zijn voormalige docent kamermuziek Jean-Gabriel Raelet assisteert.<\/p>\t\t\t\t\t\t<\/div>\n\t\t\t\t<\/div>\n\t\t\t\t<div class=\"elementor-element elementor-element-75c35fff elementor-widget elementor-widget-heading\" data-id=\"75c35fff\" data-element_type=\"widget\" data-widget_type=\"heading.default\">\n\t\t\t\t<div class=\"elementor-widget-container\">\n\t\t\t<h4 class=\"elementor-heading-title elementor-size-default\">Prijzen en onderscheidingen<\/h4>\t\t<\/div>\n\t\t\t\t<\/div>\n\t\t\t\t<div class=\"elementor-element elementor-element-5712e7c4 elementor-widget elementor-widget-text-editor\" data-id=\"5712e7c4\" data-element_type=\"widget\" data-widget_type=\"text-editor.default\">\n\t\t\t\t<div class=\"elementor-widget-container\">\n\t\t\t\t\t\t\t<p>Val\u00e8re heeft zich ook onderscheiden in een aantal gerenommeerde pianoconcoursen, zowel in Belgi\u00eb als in het buitenland. Hij won onder meer de eerste prijs op de Breughelwedstrijd in Brussel in 2013, de eerste prijs op de Andr\u00e9e Charlierwedstrijd in Charleroi in 2014, de derde prijs ex \u00e6quo op de Internationale Wedstrijd van Brest in de categorie Chopin in 2015, de eerste prijs op de Luikse pianowedstrijd in 2016, de derde prijs op de internationale wedstrijd Merci, Maestro! internationale concours in Brussel in 2017, een tweede prijs op het internationale concours Triomphe de l&#8217;Art in Brussel in 2018 en bovenal eerste prijzen op het internationale pianoconcours van \u00c9pinal in 2019 en het Europese pianoconcours van Bremen in 2021, evenals een tweede prijs op het Viotti-concours in Vercelli in 2023. Val\u00e8re heeft ook de Prix R\u00e9v\u00e9lation gekregen op het Concours Long-Thibaud 2022.<\/p><p><em>Val\u00e8re ontvangt een beurs van het Jean Praet Fonds.<\/em><\/p>\t\t\t\t\t\t<\/div>\n\t\t\t\t<\/div>\n\t\t\t\t<div class=\"elementor-element elementor-element-23ded899 elementor-widget-divider--view-line elementor-widget elementor-widget-divider\" data-id=\"23ded899\" data-element_type=\"widget\" data-widget_type=\"divider.default\">\n\t\t\t\t<div class=\"elementor-widget-container\">\n\t\t\t\t\t<div class=\"elementor-divider\">\n\t\t\t<span class=\"elementor-divider-separator\">\n\t\t\t\t\t\t<\/span>\n\t\t<\/div>\n\t\t\t\t<\/div>\n\t\t\t\t<\/div>\n\t\t\t\t<div class=\"elementor-element elementor-element-679c844 elementor-widget elementor-widget-image\" data-id=\"679c844\" data-element_type=\"widget\" data-widget_type=\"image.default\">\n\t\t\t\t<div class=\"elementor-widget-container\">\n\t\t\t\t\t\t\t\t\t\t\t\t\t<img width=\"800\" height=\"533\" src=\"https:\/\/chateaudechimay.be\/nl\/wp-content\/uploads\/sites\/2\/2025\/03\/Nour-Ayadi-1024x682.jpg\" class=\"attachment-large size-large wp-image-1428\" alt=\"Nour Ayadi\" srcset=\"https:\/\/chateaudechimay.be\/nl\/wp-content\/uploads\/sites\/2\/2025\/03\/Nour-Ayadi-1024x682.jpg 1024w, https:\/\/chateaudechimay.be\/nl\/wp-content\/uploads\/sites\/2\/2025\/03\/Nour-Ayadi-300x200.jpg 300w, https:\/\/chateaudechimay.be\/nl\/wp-content\/uploads\/sites\/2\/2025\/03\/Nour-Ayadi-768x511.jpg 768w, https:\/\/chateaudechimay.be\/nl\/wp-content\/uploads\/sites\/2\/2025\/03\/Nour-Ayadi.jpg 1320w\" sizes=\"(max-width: 800px) 100vw, 800px\" \/>\t\t\t\t\t\t\t\t\t\t\t\t\t<\/div>\n\t\t\t\t<\/div>\n\t\t\t\t\t<\/div>\n\t\t<\/div>\n\t\t\t\t\t<\/div>\n\t\t<\/section>\n\t\t\t\t<section class=\"elementor-section elementor-top-section elementor-element elementor-element-aeca448 elementor-section-boxed elementor-section-height-default elementor-section-height-default\" data-id=\"aeca448\" data-element_type=\"section\">\n\t\t\t\t\t\t<div class=\"elementor-container elementor-column-gap-default\">\n\t\t\t\t\t<div class=\"elementor-column elementor-col-100 elementor-top-column elementor-element elementor-element-71c55ff\" data-id=\"71c55ff\" data-element_type=\"column\">\n\t\t\t<div class=\"elementor-widget-wrap elementor-element-populated\">\n\t\t\t\t\t\t<div class=\"elementor-element elementor-element-b654bcd elementor-widget elementor-widget-heading\" data-id=\"b654bcd\" data-element_type=\"widget\" data-widget_type=\"heading.default\">\n\t\t\t\t<div class=\"elementor-widget-container\">\n\t\t\t<h2 class=\"elementor-heading-title elementor-size-default\">Nour Ayadi, Marokkaanse pianiste<\/h2>\t\t<\/div>\n\t\t\t\t<\/div>\n\t\t\t\t<div class=\"elementor-element elementor-element-68ab1d5 elementor-widget elementor-widget-text-editor\" data-id=\"68ab1d5\" data-element_type=\"widget\" data-widget_type=\"text-editor.default\">\n\t\t\t\t<div class=\"elementor-widget-container\">\n\t\t\t\t\t\t\t<p>Nour, geboren in Casablanca, begon op 6-jarige leeftijd piano te spelen en werd toegelaten tot het Conservatoire National de Musique de Paris en de \u00c9cole Normale de Musique Alfred Cortot. Nour kreeg unaniem een masterdiploma van de jury, evenals een Doctorat d&#8217;Artiste Interp\u00e8te aan het Parijse Conservatorium en een Dipl\u00f4me d&#8217;Etat. Ze behaalde ook haar Master als solist aan de Haute Ecole de Musique in Gen\u00e8ve, in de klas van Nelson Goerner. Momenteel is ze Artist in Residence bij de Koningin Elisabeth Muziekkapel.<\/p><p>Naast haar jonge carri\u00e8re als soliste behaalde Nour een Master in Public Policy aan Sciences Po in Parijs. Nour maakte al snel naam in Frankrijk en won op 20-jarige leeftijd de prestigieuze Prix Cortot. Ze won ook de Virtuoses du C\u0153ur (Eerste Prijs), de S.A.R. Lalla Meryem International Piano Competition, de \u00c9toiles du Piano, Piano Campus en was halve finaliste in de Busoni Competition.<\/p>\t\t\t\t\t\t<\/div>\n\t\t\t\t<\/div>\n\t\t\t\t<div class=\"elementor-element elementor-element-8d1182a elementor-widget elementor-widget-heading\" data-id=\"8d1182a\" data-element_type=\"widget\" data-widget_type=\"heading.default\">\n\t\t\t\t<div class=\"elementor-widget-container\">\n\t\t\t<h4 class=\"elementor-heading-title elementor-size-default\">Internationale carri\u00e8re<\/h4>\t\t<\/div>\n\t\t\t\t<\/div>\n\t\t\t\t<div class=\"elementor-element elementor-element-5417cd6 elementor-widget elementor-widget-text-editor\" data-id=\"5417cd6\" data-element_type=\"widget\" data-widget_type=\"text-editor.default\">\n\t\t\t\t<div class=\"elementor-widget-container\">\n\t\t\t\t\t\t\t<p>Nour heeft\u00a0 opgetreden op een aantal festivals, waaronder het Festival International de Piano de la Roque d&#8217;Anth\u00e9ron, het Glafsforden Musik Festival in Zweden, het Festival Chopin-Nohant, de Folles Journ\u00e9es de Nantes, de Solistes \u00e0 Bagatelles, de Pianissimes en het Music Chapel Festival. Ze trad op in de Musikverein in Oostenrijk, Kolarac in Servi\u00eb, Schloss Elmau in Duitsland, etc. Ze trad onder andere op met het Orchestre de Paris in de Philharmonie, het Orchestre Philharmonique de Radio France in hun Auditorium en het Wiener KammerOrchester in Bozar. Hierdoor heeft ze kunnen samenwerken met dirigenten als Augustin Dumay, Mikko Frank en Alexei Ogrintchouk. Ze speelt regelmatig met Gautier Capu\u00e7on en heeft engagementen met musici als Jian Wang, het Quatuor \u00c9b\u00e8ne en Bertrand Chamayou.<\/p><p>Nour bracht in 2020 ook haar eerste cd Robert, Clara Schumann en Stravinsky uit. Haar tweede cd, Carnaval! kwam uit in januari 2024. Ze is net genomineerd in de categorie Instrumental Soloist Revelations bij de Victoires de la Musique Classique awards van 2024.<\/p>\t\t\t\t\t\t<\/div>\n\t\t\t\t<\/div>\n\t\t\t\t<div class=\"elementor-element elementor-element-0bdb1e5 elementor-widget-divider--view-line elementor-widget elementor-widget-divider\" data-id=\"0bdb1e5\" data-element_type=\"widget\" data-widget_type=\"divider.default\">\n\t\t\t\t<div class=\"elementor-widget-container\">\n\t\t\t\t\t<div class=\"elementor-divider\">\n\t\t\t<span class=\"elementor-divider-separator\">\n\t\t\t\t\t\t<\/span>\n\t\t<\/div>\n\t\t\t\t<\/div>\n\t\t\t\t<\/div>\n\t\t\t\t\t<\/div>\n\t\t<\/div>\n\t\t\t\t\t<\/div>\n\t\t<\/section>\n\t\t\t\t<section class=\"elementor-section elementor-top-section elementor-element elementor-element-c17d627 elementor-section-boxed elementor-section-height-default elementor-section-height-default\" data-id=\"c17d627\" data-element_type=\"section\">\n\t\t\t\t\t\t<div class=\"elementor-container elementor-column-gap-default\">\n\t\t\t\t\t<div class=\"elementor-column elementor-col-100 elementor-top-column elementor-element elementor-element-7d4a5b7\" data-id=\"7d4a5b7\" data-element_type=\"column\">\n\t\t\t<div class=\"elementor-widget-wrap elementor-element-populated\">\n\t\t\t\t\t\t<div class=\"elementor-element elementor-element-1ef600ba elementor-widget elementor-widget-heading\" data-id=\"1ef600ba\" data-element_type=\"widget\" data-widget_type=\"heading.default\">\n\t\t\t\t<div class=\"elementor-widget-container\">\n\t\t\t<h2 class=\"elementor-heading-title elementor-size-default\">INFO &amp; RESERVATIES<\/h2>\t\t<\/div>\n\t\t\t\t<\/div>\n\t\t\t\t<div class=\"elementor-element elementor-element-387630eb elementor-widget elementor-widget-text-editor\" data-id=\"387630eb\" data-element_type=\"widget\" data-widget_type=\"text-editor.default\">\n\t\t\t\t<div class=\"elementor-widget-container\">\n\t\t\t\t\t\t\t<h5>EMAIL :\u00a0<a title=\"\" href=\"mailto:event@chateaudechimay.be\" target=\"_blank\" rel=\"noopener noreferrer nofollow\" data-original-title=\"\" aria-describedby=\"tooltip657249\">EVENT@CHATEAUDECHIMAY.BE<\/a><\/h5><h5>TEL.: 00 32 60 21 45 31<\/h5>\t\t\t\t\t\t<\/div>\n\t\t\t\t<\/div>\n\t\t\t\t<div class=\"elementor-element elementor-element-637f1d5 elementor-widget-divider--view-line elementor-widget elementor-widget-divider\" data-id=\"637f1d5\" data-element_type=\"widget\" data-widget_type=\"divider.default\">\n\t\t\t\t<div class=\"elementor-widget-container\">\n\t\t\t\t\t<div class=\"elementor-divider\">\n\t\t\t<span class=\"elementor-divider-separator\">\n\t\t\t\t\t\t<\/span>\n\t\t<\/div>\n\t\t\t\t<\/div>\n\t\t\t\t<\/div>\n\t\t\t\t<div class=\"elementor-element elementor-element-55ccc621 elementor-widget elementor-widget-heading\" data-id=\"55ccc621\" data-element_type=\"widget\" data-widget_type=\"heading.default\">\n\t\t\t\t<div class=\"elementor-widget-container\">\n\t\t\t<h2 class=\"elementor-heading-title elementor-size-default\">IN DE PRAKTIJK<\/h2>\t\t<\/div>\n\t\t\t\t<\/div>\n\t\t\t\t<div class=\"elementor-element elementor-element-259671f0 elementor-widget elementor-widget-text-editor\" data-id=\"259671f0\" data-element_type=\"widget\" data-widget_type=\"text-editor.default\">\n\t\t\t\t<div class=\"elementor-widget-container\">\n\t\t\t\t\t\t\t<p>Parkeerplaats:<\/p><ul><li>Leopoldplein, 5 minuten te voet<\/li><li>Grote Markt, 2 minuten te voet<\/li><\/ul><p>Toegang tot het kasteel :<\/p><ul><li>Enkel te voet, de poort in de Rue du Ch\u00e2teau is geopend voor het concert<\/li><li>Ingang via de deur aan de rechterkant van de voorgevel van het kasteel, vlakbij de vierkante toren.<\/li><\/ul><p>Concerttijden :<\/p><ul><li>Deuren open om 18.30 uur<\/li><li>Concert begint om 19.30 uur precies<\/li><li>Einde van de avond rond 21.30 uur<\/li><\/ul><p>Duur:<\/p><ul><li>De programma&#8217;s bestaan over het algemeen uit twee delen, die elk ongeveer 45 minuten duren<\/li><li>15 minuten pauze tussen de twee delen van het concert<\/li><\/ul><p><a href=\"https:\/\/chateaudechimay.be\/nl\/cultureel-seizoen\/\">Ontdek onze andere concerten door hier te klikken.<\/a><\/p>\t\t\t\t\t\t<\/div>\n\t\t\t\t<\/div>\n\t\t\t\t\t<\/div>\n\t\t<\/div>\n\t\t\t\t\t<\/div>\n\t\t<\/section>\n\t\t\t\t<\/div>\n\t\t","protected":false},"excerpt":{"rendered":"<p>PIANO RECITALEN Maak kennis met Val\u00e8re Burnon, kandidaat voor de Koningin Elisabethwedstrijd 2025, en Nour Ayadi, een getalenteerde jonge pianiste. PROGRAMMA Val\u00e8re Burnon Gabriel Faur\u00e9\u00a0 Nocturne n\u00ba6 en r\u00e9 b\u00e9mol &#8230;<\/p>\n","protected":false},"author":20,"featured_media":1425,"comment_status":"closed","ping_status":"open","sticky":false,"template":"","format":"standard","meta":{"_mi_skip_tracking":false},"categories":[4,10,11],"tags":[],"yoast_head":"<!-- This site is optimized with the Yoast SEO Premium plugin v20.2.1 (Yoast SEO v20.2.1) - https:\/\/yoast.com\/wordpress\/plugins\/seo\/ -->\n<title>Val\u00e8re Burnon en Nour Ayadi, pianorecitals<\/title>\n<meta name=\"description\" content=\"Val\u00e8re Burnon en Nour Ayadi, pianorecitals : Ontdek Val\u00e8re Burnon, kandidaat voor de Koningin Elisabethwedstrijd 2025, op 26 april 2025\" \/>\n<meta name=\"robots\" content=\"index, follow, max-snippet:-1, max-image-preview:large, max-video-preview:-1\" \/>\n<link rel=\"canonical\" href=\"https:\/\/chateaudechimay.be\/nl\/valere-burnon-en-nour-ayadi-pianorecitals\/\" \/>\n<meta property=\"og:locale\" content=\"fr_FR\" \/>\n<meta property=\"og:type\" content=\"article\" \/>\n<meta property=\"og:title\" content=\"Val\u00e8re Burnon en Nour Ayadi - Zaterdag 26 april 2025 om 19.30 uur\" \/>\n<meta property=\"og:description\" content=\"Val\u00e8re Burnon en Nour Ayadi, pianorecitals : Ontdek Val\u00e8re Burnon, kandidaat voor de Koningin Elisabethwedstrijd 2025, op 26 april 2025\" \/>\n<meta property=\"og:url\" content=\"https:\/\/chateaudechimay.be\/nl\/valere-burnon-en-nour-ayadi-pianorecitals\/\" \/>\n<meta property=\"og:site_name\" content=\"Het Kasteel van Chimay\" \/>\n<meta property=\"article:published_time\" content=\"2025-03-21T09:15:22+00:00\" \/>\n<meta property=\"article:modified_time\" content=\"2025-03-21T11:31:42+00:00\" \/>\n<meta property=\"og:image\" content=\"https:\/\/chateaudechimay.be\/nl\/wp-content\/uploads\/sites\/2\/2025\/03\/Candidats-Reine-Elis-2025-Nour-Et-Vale\u0300re.jpg\" \/>\n\t<meta property=\"og:image:width\" content=\"1746\" \/>\n\t<meta property=\"og:image:height\" content=\"1000\" \/>\n\t<meta property=\"og:image:type\" content=\"image\/jpeg\" \/>\n<meta name=\"author\" content=\"Emma\" \/>\n<meta name=\"twitter:card\" content=\"summary_large_image\" \/>\n<meta name=\"twitter:label1\" content=\"\u00c9crit par\" \/>\n\t<meta name=\"twitter:data1\" content=\"Emma\" \/>\n\t<meta name=\"twitter:label2\" content=\"Dur\u00e9e de lecture estim\u00e9e\" \/>\n\t<meta name=\"twitter:data2\" content=\"7 minutes\" \/>\n<script type=\"application\/ld+json\" class=\"yoast-schema-graph\">{\"@context\":\"https:\/\/schema.org\",\"@graph\":[{\"@type\":\"WebPage\",\"@id\":\"https:\/\/chateaudechimay.be\/nl\/valere-burnon-en-nour-ayadi-pianorecitals\/\",\"url\":\"https:\/\/chateaudechimay.be\/nl\/valere-burnon-en-nour-ayadi-pianorecitals\/\",\"name\":\"Val\u00e8re Burnon en Nour Ayadi, pianorecitals\",\"isPartOf\":{\"@id\":\"https:\/\/chateaudechimay.be\/nl\/#website\"},\"datePublished\":\"2025-03-21T09:15:22+00:00\",\"dateModified\":\"2025-03-21T11:31:42+00:00\",\"author\":{\"@id\":\"https:\/\/chateaudechimay.be\/nl\/#\/schema\/person\/6b40ad2508150d3a64acb1cfed844fa6\"},\"description\":\"Val\u00e8re Burnon en Nour Ayadi, pianorecitals : Ontdek Val\u00e8re Burnon, kandidaat voor de Koningin Elisabethwedstrijd 2025, op 26 april 2025\",\"breadcrumb\":{\"@id\":\"https:\/\/chateaudechimay.be\/nl\/valere-burnon-en-nour-ayadi-pianorecitals\/#breadcrumb\"},\"inLanguage\":\"fr-FR\",\"potentialAction\":[{\"@type\":\"ReadAction\",\"target\":[\"https:\/\/chateaudechimay.be\/nl\/valere-burnon-en-nour-ayadi-pianorecitals\/\"]}]},{\"@type\":\"BreadcrumbList\",\"@id\":\"https:\/\/chateaudechimay.be\/nl\/valere-burnon-en-nour-ayadi-pianorecitals\/#breadcrumb\",\"itemListElement\":[{\"@type\":\"ListItem\",\"position\":1,\"name\":\"Accueil\",\"item\":\"https:\/\/chateaudechimay.be\/nl\/\"},{\"@type\":\"ListItem\",\"position\":2,\"name\":\"Val\u00e8re Burnon en Nour Ayadi &#8211; Zaterdag 26 april 2025 om 19.30 uur\"}]},{\"@type\":\"WebSite\",\"@id\":\"https:\/\/chateaudechimay.be\/nl\/#website\",\"url\":\"https:\/\/chateaudechimay.be\/nl\/\",\"name\":\"Het Kasteel van Chimay\",\"description\":\"Ontdek geschiedenis van het Kasteel van Chimay\",\"potentialAction\":[{\"@type\":\"SearchAction\",\"target\":{\"@type\":\"EntryPoint\",\"urlTemplate\":\"https:\/\/chateaudechimay.be\/nl\/?s={search_term_string}\"},\"query-input\":\"required name=search_term_string\"}],\"inLanguage\":\"fr-FR\"},{\"@type\":\"Person\",\"@id\":\"https:\/\/chateaudechimay.be\/nl\/#\/schema\/person\/6b40ad2508150d3a64acb1cfed844fa6\",\"name\":\"Emma\",\"image\":{\"@type\":\"ImageObject\",\"inLanguage\":\"fr-FR\",\"@id\":\"https:\/\/chateaudechimay.be\/nl\/#\/schema\/person\/image\/\",\"url\":\"https:\/\/secure.gravatar.com\/avatar\/fa0880199c7a82f107a88c54fd869bcc?s=96&d=mm&r=g\",\"contentUrl\":\"https:\/\/secure.gravatar.com\/avatar\/fa0880199c7a82f107a88c54fd869bcc?s=96&d=mm&r=g\",\"caption\":\"Emma\"},\"url\":\"https:\/\/chateaudechimay.be\/nl\/author\/coordinatrice\/\"}]}<\/script>\n<!-- \/ Yoast SEO Premium plugin. -->","yoast_head_json":{"title":"Val\u00e8re Burnon en Nour Ayadi, pianorecitals","description":"Val\u00e8re Burnon en Nour Ayadi, pianorecitals : Ontdek Val\u00e8re Burnon, kandidaat voor de Koningin Elisabethwedstrijd 2025, op 26 april 2025","robots":{"index":"index","follow":"follow","max-snippet":"max-snippet:-1","max-image-preview":"max-image-preview:large","max-video-preview":"max-video-preview:-1"},"canonical":"https:\/\/chateaudechimay.be\/nl\/valere-burnon-en-nour-ayadi-pianorecitals\/","og_locale":"fr_FR","og_type":"article","og_title":"Val\u00e8re Burnon en Nour Ayadi - Zaterdag 26 april 2025 om 19.30 uur","og_description":"Val\u00e8re Burnon en Nour Ayadi, pianorecitals : Ontdek Val\u00e8re Burnon, kandidaat voor de Koningin Elisabethwedstrijd 2025, op 26 april 2025","og_url":"https:\/\/chateaudechimay.be\/nl\/valere-burnon-en-nour-ayadi-pianorecitals\/","og_site_name":"Het Kasteel van Chimay","article_published_time":"2025-03-21T09:15:22+00:00","article_modified_time":"2025-03-21T11:31:42+00:00","og_image":[{"width":1746,"height":1000,"url":"https:\/\/chateaudechimay.be\/nl\/wp-content\/uploads\/sites\/2\/2025\/03\/Candidats-Reine-Elis-2025-Nour-Et-Vale\u0300re.jpg","type":"image\/jpeg"}],"author":"Emma","twitter_card":"summary_large_image","twitter_misc":{"\u00c9crit par":"Emma","Dur\u00e9e de lecture estim\u00e9e":"7 minutes"},"schema":{"@context":"https:\/\/schema.org","@graph":[{"@type":"WebPage","@id":"https:\/\/chateaudechimay.be\/nl\/valere-burnon-en-nour-ayadi-pianorecitals\/","url":"https:\/\/chateaudechimay.be\/nl\/valere-burnon-en-nour-ayadi-pianorecitals\/","name":"Val\u00e8re Burnon en Nour Ayadi, pianorecitals","isPartOf":{"@id":"https:\/\/chateaudechimay.be\/nl\/#website"},"datePublished":"2025-03-21T09:15:22+00:00","dateModified":"2025-03-21T11:31:42+00:00","author":{"@id":"https:\/\/chateaudechimay.be\/nl\/#\/schema\/person\/6b40ad2508150d3a64acb1cfed844fa6"},"description":"Val\u00e8re Burnon en Nour Ayadi, pianorecitals : Ontdek Val\u00e8re Burnon, kandidaat voor de Koningin Elisabethwedstrijd 2025, op 26 april 2025","breadcrumb":{"@id":"https:\/\/chateaudechimay.be\/nl\/valere-burnon-en-nour-ayadi-pianorecitals\/#breadcrumb"},"inLanguage":"fr-FR","potentialAction":[{"@type":"ReadAction","target":["https:\/\/chateaudechimay.be\/nl\/valere-burnon-en-nour-ayadi-pianorecitals\/"]}]},{"@type":"BreadcrumbList","@id":"https:\/\/chateaudechimay.be\/nl\/valere-burnon-en-nour-ayadi-pianorecitals\/#breadcrumb","itemListElement":[{"@type":"ListItem","position":1,"name":"Accueil","item":"https:\/\/chateaudechimay.be\/nl\/"},{"@type":"ListItem","position":2,"name":"Val\u00e8re Burnon en Nour Ayadi &#8211; Zaterdag 26 april 2025 om 19.30 uur"}]},{"@type":"WebSite","@id":"https:\/\/chateaudechimay.be\/nl\/#website","url":"https:\/\/chateaudechimay.be\/nl\/","name":"Het Kasteel van Chimay","description":"Ontdek geschiedenis van het Kasteel van Chimay","potentialAction":[{"@type":"SearchAction","target":{"@type":"EntryPoint","urlTemplate":"https:\/\/chateaudechimay.be\/nl\/?s={search_term_string}"},"query-input":"required name=search_term_string"}],"inLanguage":"fr-FR"},{"@type":"Person","@id":"https:\/\/chateaudechimay.be\/nl\/#\/schema\/person\/6b40ad2508150d3a64acb1cfed844fa6","name":"Emma","image":{"@type":"ImageObject","inLanguage":"fr-FR","@id":"https:\/\/chateaudechimay.be\/nl\/#\/schema\/person\/image\/","url":"https:\/\/secure.gravatar.com\/avatar\/fa0880199c7a82f107a88c54fd869bcc?s=96&d=mm&r=g","contentUrl":"https:\/\/secure.gravatar.com\/avatar\/fa0880199c7a82f107a88c54fd869bcc?s=96&d=mm&r=g","caption":"Emma"},"url":"https:\/\/chateaudechimay.be\/nl\/author\/coordinatrice\/"}]}},"_links":{"self":[{"href":"https:\/\/chateaudechimay.be\/nl\/wp-json\/wp\/v2\/posts\/1424"}],"collection":[{"href":"https:\/\/chateaudechimay.be\/nl\/wp-json\/wp\/v2\/posts"}],"about":[{"href":"https:\/\/chateaudechimay.be\/nl\/wp-json\/wp\/v2\/types\/post"}],"author":[{"embeddable":true,"href":"https:\/\/chateaudechimay.be\/nl\/wp-json\/wp\/v2\/users\/20"}],"replies":[{"embeddable":true,"href":"https:\/\/chateaudechimay.be\/nl\/wp-json\/wp\/v2\/comments?post=1424"}],"version-history":[{"count":20,"href":"https:\/\/chateaudechimay.be\/nl\/wp-json\/wp\/v2\/posts\/1424\/revisions"}],"predecessor-version":[{"id":1496,"href":"https:\/\/chateaudechimay.be\/nl\/wp-json\/wp\/v2\/posts\/1424\/revisions\/1496"}],"wp:featuredmedia":[{"embeddable":true,"href":"https:\/\/chateaudechimay.be\/nl\/wp-json\/wp\/v2\/media\/1425"}],"wp:attachment":[{"href":"https:\/\/chateaudechimay.be\/nl\/wp-json\/wp\/v2\/media?parent=1424"}],"wp:term":[{"taxonomy":"category","embeddable":true,"href":"https:\/\/chateaudechimay.be\/nl\/wp-json\/wp\/v2\/categories?post=1424"},{"taxonomy":"post_tag","embeddable":true,"href":"https:\/\/chateaudechimay.be\/nl\/wp-json\/wp\/v2\/tags?post=1424"}],"curies":[{"name":"wp","href":"https:\/\/api.w.org\/{rel}","templated":true}]}}