{"id":704,"date":"2022-02-01T16:03:39","date_gmt":"2022-02-01T15:03:39","guid":{"rendered":"https:\/\/chateaudechimay.be\/nl\/?p=704"},"modified":"2023-05-31T09:50:38","modified_gmt":"2023-05-31T07:50:38","slug":"concert-jonathan-fournel-zaterdag-05-maart-2022-om-19u30","status":"publish","type":"post","link":"https:\/\/chateaudechimay.be\/nl\/concert-jonathan-fournel-zaterdag-05-maart-2022-om-19u30\/","title":{"rendered":"Concert Jonathan Fournel &#8211; Zaterdag 05 Maart 2022 om 19u30"},"content":{"rendered":"\t\t<div data-elementor-type=\"wp-post\" data-elementor-id=\"704\" class=\"elementor elementor-704\">\n\t\t\t\t\t\t<section class=\"elementor-section elementor-top-section elementor-element elementor-element-e1af983 elementor-section-boxed elementor-section-height-default elementor-section-height-default\" data-id=\"e1af983\" data-element_type=\"section\">\n\t\t\t\t\t\t<div class=\"elementor-container elementor-column-gap-default\">\n\t\t\t\t\t<div class=\"elementor-column elementor-col-100 elementor-top-column elementor-element elementor-element-ef1f784\" data-id=\"ef1f784\" data-element_type=\"column\">\n\t\t\t<div class=\"elementor-widget-wrap elementor-element-populated\">\n\t\t\t\t\t\t<div class=\"elementor-element elementor-element-39a5a06 elementor-widget elementor-widget-image\" data-id=\"39a5a06\" data-element_type=\"widget\" data-widget_type=\"image.default\">\n\t\t\t\t<div class=\"elementor-widget-container\">\n\t\t\t\t\t\t\t\t\t\t\t\t\t<img fetchpriority=\"high\" width=\"800\" height=\"452\" src=\"https:\/\/chateaudechimay.be\/nl\/wp-content\/uploads\/sites\/2\/2022\/02\/Fournel-J-IMG_5156-scaled-1.jpg\" class=\"attachment-full size-full wp-image-708\" alt=\"\" srcset=\"https:\/\/chateaudechimay.be\/nl\/wp-content\/uploads\/sites\/2\/2022\/02\/Fournel-J-IMG_5156-scaled-1.jpg 800w, https:\/\/chateaudechimay.be\/nl\/wp-content\/uploads\/sites\/2\/2022\/02\/Fournel-J-IMG_5156-scaled-1-300x170.jpg 300w, https:\/\/chateaudechimay.be\/nl\/wp-content\/uploads\/sites\/2\/2022\/02\/Fournel-J-IMG_5156-scaled-1-768x434.jpg 768w\" sizes=\"(max-width: 800px) 100vw, 800px\" \/>\t\t\t\t\t\t\t\t\t\t\t\t\t<\/div>\n\t\t\t\t<\/div>\n\t\t\t\t\t<\/div>\n\t\t<\/div>\n\t\t\t\t\t<\/div>\n\t\t<\/section>\n\t\t\t\t<section class=\"elementor-section elementor-top-section elementor-element elementor-element-7d1aeda elementor-section-boxed elementor-section-height-default elementor-section-height-default\" data-id=\"7d1aeda\" data-element_type=\"section\">\n\t\t\t\t\t\t<div class=\"elementor-container elementor-column-gap-default\">\n\t\t\t\t\t<div class=\"elementor-column elementor-col-100 elementor-top-column elementor-element elementor-element-70c9f4a\" data-id=\"70c9f4a\" data-element_type=\"column\">\n\t\t\t<div class=\"elementor-widget-wrap elementor-element-populated\">\n\t\t\t\t\t\t<div class=\"elementor-element elementor-element-dd4571a elementor-widget elementor-widget-heading\" data-id=\"dd4571a\" data-element_type=\"widget\" data-widget_type=\"heading.default\">\n\t\t\t\t<div class=\"elementor-widget-container\">\n\t\t\t<h2 class=\"elementor-heading-title elementor-size-default\">Pianorecital met Jonathan Fournel<\/h2>\t\t<\/div>\n\t\t\t\t<\/div>\n\t\t\t\t<div class=\"elementor-element elementor-element-84b2625 elementor-widget elementor-widget-text-editor\" data-id=\"84b2625\" data-element_type=\"widget\" data-widget_type=\"text-editor.default\">\n\t\t\t\t<div class=\"elementor-widget-container\">\n\t\t\t\t\t\t\t<h4><span style=\"color: #000000;\"><strong><em>Winnaar van de Koningin Elisabethwedstrijd 2021<\/em><\/strong><\/span><\/h4><p><span style=\"color: #000000;\">Jonathan Fournel is geboren op 2 oktober 1993 in Sarrebourg.<\/span><\/p><p><span style=\"color: #000000;\">Hij begon piano te spelen in oktober 2000 in de klas van Marianne Henry aan het Conservatorium van Sarreguemines waar zijn vader lesgeeft. In 2001 werd hij toegelaten tot het Conservatoire de Strasbourg in de klas van St\u00e9phane Seban, terwijl hij priv\u00e9-lessen volgde bij Patricia Pagny.<\/span><\/p><p><span style=\"color: #000000;\">In 2006 werd hij toegelaten tot de Musikhochschule van Saarbr\u00fccken waar hij studeerde onder leiding van de professoren Robert Leonardy en Jean Micault; tegelijkertijd volgde hij lessen bij Gis\u00e8le Magnan, die zijn werk ook vandaag nog begeleidt.<\/span><\/p><p><span style=\"color: #000000;\">In 2009 werd hij unaniem aangenomen aan het Conservatoire National Sup\u00e9rieur de Paris en kreeg hij achtereenvolgens les van de pianisten Bruno Rigutto, Brigitte Engerer, Claire D\u00e9sert, en Michel Dalberto.<\/span><\/p><p><span style=\"color: #000000;\">Hij behaalde zijn Master piano cum laude in 2014 en het Performer&#8217;s Diploma in 2016.<\/span><\/p><p><span style=\"color: #000000;\">Tegelijkertijd werd hij in februari 2011 toegelaten tot de begeleidingsklas van Reiko Hozu aan het Conservatoire National Sup\u00e9rieur de Paris en vervolgens tot de klas van Jean-Fr\u00e9d\u00e9ric Neuburger: hij behaalde in 2016 cum laude zijn masterdiploma in begeleiding.<\/span><\/p><p><span style=\"color: #000000;\">Sinds september 2016 studeert hij bij Louis Lortie en Avo Kouyoumdjian aan de &#8220;Chapelle Musicale Reine \u00c9lisabeth de Belgique&#8221;.<\/span><\/p><p>\u00a0<\/p><h5><span style=\"color: #000000;\"><strong>Wedstrijden<\/strong><\/span><\/h5><p><span style=\"color: #000000;\">Op 12-jarige leeftijd won Jonathan de 1e prijs bij het Concours Madeleine de Valmal\u00e8te en de 1e prijs van de Stichting Maurice Ravel.<\/span><\/p><p><span style=\"color: #000000;\">Op 14-jarige leeftijd won hij de Franz Liszt-prijs op het concours van Ile-de-France.<\/span><\/p><p><span style=\"color: #000000;\">Op 15-jarige leeftijd won hij de eerste prijs bij het concours voor universiteitsorkesten in Straatsburg.<\/span><\/p><p><span style=\"color: #000000;\">Op 19 jarige leeftijd, won hij achtereenvolgens:<\/span><\/p><ul><li><span style=\"color: #000000;\">De prijs voor de beste Franse kandidaat bij het internationale concours van \u00c9pinal<\/span><\/li><li><span style=\"color: #000000;\">2e prijs bij de Ettore Pozzoli Competition in Seregno, Itali\u00eb<\/span><\/li><li><span style=\"color: #000000;\">De 1e prijs bij de Internationale Wedstrijd van de Lion&#8217;s Club Thomas Kuti<\/span><\/li><\/ul><p><span style=\"color: #000000;\">Op 20 jarige leeftijd, won hij achtereenvolgens<\/span><\/p><ul><li><span style=\"color: #000000;\">1e prijs bij de Viotti Competition in Vercelli, Itali\u00eb<\/span><\/li><li><span style=\"color: #000000;\">1eprijs bij de Schotse Internationale Wedstrijd in Glasgow. Aan het eind van dit concours kreeg hij de Bl\u00fcthner-prijs, waarmee hij een vleugelpiano kreeg.<\/span><\/li><\/ul><p><span style=\"color: #000000;\">Op 27-jarige leeftijd won hij de Koningin Elisabethwedstrijd voor piano (Grote Prijs Koningin Elisabeth &#8211; Koningin Mathildeprijs, de Publieksprijs Musiq3 en de Prijs Canvas-Klara).<\/span><\/p>\t\t\t\t\t\t<\/div>\n\t\t\t\t<\/div>\n\t\t\t\t\t<\/div>\n\t\t<\/div>\n\t\t\t\t\t<\/div>\n\t\t<\/section>\n\t\t\t\t<section class=\"elementor-section elementor-top-section elementor-element elementor-element-672d891 elementor-section-boxed elementor-section-height-default elementor-section-height-default\" data-id=\"672d891\" data-element_type=\"section\">\n\t\t\t\t\t\t<div class=\"elementor-container elementor-column-gap-default\">\n\t\t\t\t\t<div class=\"elementor-column elementor-col-100 elementor-top-column elementor-element elementor-element-1892077\" data-id=\"1892077\" data-element_type=\"column\">\n\t\t\t<div class=\"elementor-widget-wrap elementor-element-populated\">\n\t\t\t\t\t\t<div class=\"elementor-element elementor-element-b42d939 elementor-widget-divider--view-line elementor-widget elementor-widget-divider\" data-id=\"b42d939\" data-element_type=\"widget\" data-widget_type=\"divider.default\">\n\t\t\t\t<div class=\"elementor-widget-container\">\n\t\t\t\t\t<div class=\"elementor-divider\">\n\t\t\t<span class=\"elementor-divider-separator\">\n\t\t\t\t\t\t<\/span>\n\t\t<\/div>\n\t\t\t\t<\/div>\n\t\t\t\t<\/div>\n\t\t\t\t\t<\/div>\n\t\t<\/div>\n\t\t\t\t\t<\/div>\n\t\t<\/section>\n\t\t\t\t<section class=\"elementor-section elementor-top-section elementor-element elementor-element-3508813 elementor-section-boxed elementor-section-height-default elementor-section-height-default\" data-id=\"3508813\" data-element_type=\"section\">\n\t\t\t\t\t\t<div class=\"elementor-container elementor-column-gap-default\">\n\t\t\t\t\t<div class=\"elementor-column elementor-col-100 elementor-top-column elementor-element elementor-element-3fdeed7\" data-id=\"3fdeed7\" data-element_type=\"column\">\n\t\t\t<div class=\"elementor-widget-wrap elementor-element-populated\">\n\t\t\t\t\t\t<div class=\"elementor-element elementor-element-67ad19e elementor-widget elementor-widget-heading\" data-id=\"67ad19e\" data-element_type=\"widget\" data-widget_type=\"heading.default\">\n\t\t\t\t<div class=\"elementor-widget-container\">\n\t\t\t<h2 class=\"elementor-heading-title elementor-size-default\">Programma<\/h2>\t\t<\/div>\n\t\t\t\t<\/div>\n\t\t\t\t<div class=\"elementor-element elementor-element-af3724f elementor-widget elementor-widget-text-editor\" data-id=\"af3724f\" data-element_type=\"widget\" data-widget_type=\"text-editor.default\">\n\t\t\t\t<div class=\"elementor-widget-container\">\n\t\t\t\t\t\t\t<p><span style=\"color: #000000;\">Chopin Nocturne op. 62 n\u00b01<\/span><br \/><span style=\"color: #000000;\">Chopin Sonate Nr. 3 in B minor op. 58<\/span><\/p><p><span style=\"color: #000000;\">&#8211;Pauze&#8211;<\/span><\/p><p><span style=\"color: #000000;\">Brahms Piano Sonata No. 3, Op. 5<\/span><\/p>\t\t\t\t\t\t<\/div>\n\t\t\t\t<\/div>\n\t\t\t\t<div class=\"elementor-element elementor-element-fdd81a8 elementor-widget elementor-widget-image\" data-id=\"fdd81a8\" data-element_type=\"widget\" data-widget_type=\"image.default\">\n\t\t\t\t<div class=\"elementor-widget-container\">\n\t\t\t\t\t\t\t\t\t\t\t\t\t<img width=\"800\" height=\"400\" src=\"https:\/\/chateaudechimay.be\/nl\/wp-content\/uploads\/sites\/2\/2022\/02\/50953_1024_512_80_1621163689.jpg\" class=\"attachment-large size-large wp-image-709\" alt=\"\" srcset=\"https:\/\/chateaudechimay.be\/nl\/wp-content\/uploads\/sites\/2\/2022\/02\/50953_1024_512_80_1621163689.jpg 1023w, https:\/\/chateaudechimay.be\/nl\/wp-content\/uploads\/sites\/2\/2022\/02\/50953_1024_512_80_1621163689-300x150.jpg 300w, https:\/\/chateaudechimay.be\/nl\/wp-content\/uploads\/sites\/2\/2022\/02\/50953_1024_512_80_1621163689-768x384.jpg 768w\" sizes=\"(max-width: 800px) 100vw, 800px\" \/>\t\t\t\t\t\t\t\t\t\t\t\t\t<\/div>\n\t\t\t\t<\/div>\n\t\t\t\t\t<\/div>\n\t\t<\/div>\n\t\t\t\t\t<\/div>\n\t\t<\/section>\n\t\t\t\t<section class=\"elementor-section elementor-top-section elementor-element elementor-element-69f72f4 elementor-section-boxed elementor-section-height-default elementor-section-height-default\" data-id=\"69f72f4\" data-element_type=\"section\">\n\t\t\t\t\t\t<div class=\"elementor-container elementor-column-gap-default\">\n\t\t\t\t\t<div class=\"elementor-column elementor-col-100 elementor-top-column elementor-element elementor-element-e45c455\" data-id=\"e45c455\" data-element_type=\"column\">\n\t\t\t<div class=\"elementor-widget-wrap elementor-element-populated\">\n\t\t\t\t\t\t<div class=\"elementor-element elementor-element-413fdb9 elementor-widget-divider--view-line elementor-widget elementor-widget-divider\" data-id=\"413fdb9\" data-element_type=\"widget\" data-widget_type=\"divider.default\">\n\t\t\t\t<div class=\"elementor-widget-container\">\n\t\t\t\t\t<div class=\"elementor-divider\">\n\t\t\t<span class=\"elementor-divider-separator\">\n\t\t\t\t\t\t<\/span>\n\t\t<\/div>\n\t\t\t\t<\/div>\n\t\t\t\t<\/div>\n\t\t\t\t\t<\/div>\n\t\t<\/div>\n\t\t\t\t\t<\/div>\n\t\t<\/section>\n\t\t\t\t<section class=\"elementor-section elementor-top-section elementor-element elementor-element-fdfa9cb elementor-section-boxed elementor-section-height-default elementor-section-height-default\" data-id=\"fdfa9cb\" data-element_type=\"section\">\n\t\t\t\t\t\t<div class=\"elementor-container elementor-column-gap-default\">\n\t\t\t\t\t<div class=\"elementor-column elementor-col-100 elementor-top-column elementor-element elementor-element-af01302\" data-id=\"af01302\" data-element_type=\"column\">\n\t\t\t<div class=\"elementor-widget-wrap elementor-element-populated\">\n\t\t\t\t\t\t<div class=\"elementor-element elementor-element-66266a6 elementor-widget elementor-widget-heading\" data-id=\"66266a6\" data-element_type=\"widget\" data-widget_type=\"heading.default\">\n\t\t\t\t<div class=\"elementor-widget-container\">\n\t\t\t<h2 class=\"elementor-heading-title elementor-size-default\">Tarief<\/h2>\t\t<\/div>\n\t\t\t\t<\/div>\n\t\t\t\t<div class=\"elementor-element elementor-element-f4b1c47 elementor-widget elementor-widget-text-editor\" data-id=\"f4b1c47\" data-element_type=\"widget\" data-widget_type=\"text-editor.default\">\n\t\t\t\t<div class=\"elementor-widget-container\">\n\t\t\t\t\t\t\t<ul><li><span style=\"color: #000000;\">Volwassenen: 32\u20ac<\/span><\/li><li><span style=\"color: #000000;\">Senioren en jonger dan 25 jaar: 30 \u20ac<\/span><\/li><\/ul>\t\t\t\t\t\t<\/div>\n\t\t\t\t<\/div>\n\t\t\t\t\t<\/div>\n\t\t<\/div>\n\t\t\t\t\t<\/div>\n\t\t<\/section>\n\t\t\t\t<section class=\"elementor-section elementor-top-section elementor-element elementor-element-30c0b47 elementor-section-boxed elementor-section-height-default elementor-section-height-default\" data-id=\"30c0b47\" data-element_type=\"section\">\n\t\t\t\t\t\t<div class=\"elementor-container elementor-column-gap-default\">\n\t\t\t\t\t<div class=\"elementor-column elementor-col-50 elementor-top-column elementor-element elementor-element-a839a96\" data-id=\"a839a96\" data-element_type=\"column\">\n\t\t\t<div class=\"elementor-widget-wrap elementor-element-populated\">\n\t\t\t\t\t\t<div class=\"elementor-element elementor-element-b84c8d6 elementor-widget elementor-widget-text-editor\" data-id=\"b84c8d6\" data-element_type=\"widget\" data-widget_type=\"text-editor.default\">\n\t\t\t\t<div class=\"elementor-widget-container\">\n\t\t\t\t\t\t\t<div class=\"elementor-element elementor-element-d964a22 elementor-widget elementor-widget-heading\" data-id=\"d964a22\" data-element_type=\"widget\" data-widget_type=\"heading.default\"><div class=\"elementor-widget-container\"><h2 class=\"elementor-heading-title elementor-size-default\"><span style=\"color: #000000;\">Informatie &amp; Reserveren<\/span><\/h2><\/div><\/div><div class=\"elementor-element elementor-element-ba67e2f elementor-widget elementor-widget-text-editor\" data-id=\"ba67e2f\" data-element_type=\"widget\" data-widget_type=\"text-editor.default\"><div class=\"elementor-widget-container\"><div class=\"elementor-text-editor elementor-clearfix\"><h3><span style=\"color: #000000;\">event@chateaudechimay.be<\/span><\/h3><h4><span style=\"color: #000000;\">Tel : +32 60 21 94 56<\/span><\/h4><\/div><\/div><\/div>\t\t\t\t\t\t<\/div>\n\t\t\t\t<\/div>\n\t\t\t\t\t<\/div>\n\t\t<\/div>\n\t\t\t\t<div class=\"elementor-column elementor-col-50 elementor-top-column elementor-element elementor-element-a513567\" data-id=\"a513567\" data-element_type=\"column\">\n\t\t\t<div class=\"elementor-widget-wrap elementor-element-populated\">\n\t\t\t\t\t\t<div class=\"elementor-element elementor-element-c59f234 elementor-button-info elementor-align-center elementor-widget elementor-widget-button\" data-id=\"c59f234\" data-element_type=\"widget\" data-widget_type=\"button.default\">\n\t\t\t\t<div class=\"elementor-widget-container\">\n\t\t\t\t\t<div class=\"elementor-button-wrapper\">\n\t\t\t<a class=\"elementor-button elementor-button-link elementor-size-xl\" href=\"https:\/\/event.chateaudechimay.be\/shop\/concert-5-3-2022-jonathan-fournel-3615\">\n\t\t\t\t\t\t<span class=\"elementor-button-content-wrapper\">\n\t\t\t\t\t\t<span class=\"elementor-button-text\">Tickets<\/span>\n\t\t<\/span>\n\t\t\t\t\t<\/a>\n\t\t<\/div>\n\t\t\t\t<\/div>\n\t\t\t\t<\/div>\n\t\t\t\t\t<\/div>\n\t\t<\/div>\n\t\t\t\t\t<\/div>\n\t\t<\/section>\n\t\t\t\t<\/div>\n\t\t","protected":false},"excerpt":{"rendered":"<p>Pianorecital met Jonathan Fournel Winnaar van de Koningin Elisabethwedstrijd 2021 Jonathan Fournel is geboren op 2 oktober 1993 in Sarrebourg. Hij begon piano te spelen in oktober 2000 in de &#8230;<\/p>\n","protected":false},"author":2,"featured_media":0,"comment_status":"closed","ping_status":"closed","sticky":false,"template":"","format":"standard","meta":{"_mi_skip_tracking":false},"categories":[6],"tags":[],"yoast_head":"<!-- This site is optimized with the Yoast SEO Premium plugin v20.2.1 (Yoast SEO v20.2.1) - https:\/\/yoast.com\/wordpress\/plugins\/seo\/ -->\n<title>Concert Jonathan Fournel - Zaterdag 05 Maart 2022 om 19u30 - Het Kasteel van Chimay<\/title>\n<meta name=\"robots\" content=\"index, follow, max-snippet:-1, max-image-preview:large, max-video-preview:-1\" \/>\n<link rel=\"canonical\" href=\"https:\/\/chateaudechimay.be\/nl\/concert-jonathan-fournel-zaterdag-05-maart-2022-om-19u30\/\" \/>\n<meta property=\"og:locale\" content=\"fr_FR\" \/>\n<meta property=\"og:type\" content=\"article\" \/>\n<meta property=\"og:title\" content=\"Concert Jonathan Fournel - Zaterdag 05 Maart 2022 om 19u30\" \/>\n<meta property=\"og:description\" content=\"Pianorecital met Jonathan Fournel Winnaar van de Koningin Elisabethwedstrijd 2021 Jonathan Fournel is geboren op 2 oktober 1993 in Sarrebourg. Hij begon piano te spelen in oktober 2000 in de ...\" \/>\n<meta property=\"og:url\" content=\"https:\/\/chateaudechimay.be\/nl\/concert-jonathan-fournel-zaterdag-05-maart-2022-om-19u30\/\" \/>\n<meta property=\"og:site_name\" content=\"Het Kasteel van Chimay\" \/>\n<meta property=\"article:published_time\" content=\"2022-02-01T15:03:39+00:00\" \/>\n<meta property=\"article:modified_time\" content=\"2023-05-31T07:50:38+00:00\" \/>\n<meta property=\"og:image\" content=\"https:\/\/chateaudechimay.be\/nl\/wp-content\/uploads\/sites\/2\/2022\/02\/Fournel-J-IMG_5156-scaled-1.jpg\" \/>\n<meta name=\"author\" content=\"Anne Herno\u00eb\" \/>\n<meta name=\"twitter:card\" content=\"summary_large_image\" \/>\n<meta name=\"twitter:label1\" content=\"\u00c9crit par\" \/>\n\t<meta name=\"twitter:data1\" content=\"Anne Herno\u00eb\" \/>\n\t<meta name=\"twitter:label2\" content=\"Dur\u00e9e de lecture estim\u00e9e\" \/>\n\t<meta name=\"twitter:data2\" content=\"2 minutes\" \/>\n<script type=\"application\/ld+json\" class=\"yoast-schema-graph\">{\"@context\":\"https:\/\/schema.org\",\"@graph\":[{\"@type\":\"WebPage\",\"@id\":\"https:\/\/chateaudechimay.be\/nl\/concert-jonathan-fournel-zaterdag-05-maart-2022-om-19u30\/\",\"url\":\"https:\/\/chateaudechimay.be\/nl\/concert-jonathan-fournel-zaterdag-05-maart-2022-om-19u30\/\",\"name\":\"Concert Jonathan Fournel - Zaterdag 05 Maart 2022 om 19u30 - Het Kasteel van Chimay\",\"isPartOf\":{\"@id\":\"https:\/\/chateaudechimay.be\/nl\/#website\"},\"datePublished\":\"2022-02-01T15:03:39+00:00\",\"dateModified\":\"2023-05-31T07:50:38+00:00\",\"author\":{\"@id\":\"https:\/\/chateaudechimay.be\/nl\/#\/schema\/person\/5af035222b502fbae66cded4e925abfa\"},\"breadcrumb\":{\"@id\":\"https:\/\/chateaudechimay.be\/nl\/concert-jonathan-fournel-zaterdag-05-maart-2022-om-19u30\/#breadcrumb\"},\"inLanguage\":\"fr-FR\",\"potentialAction\":[{\"@type\":\"ReadAction\",\"target\":[\"https:\/\/chateaudechimay.be\/nl\/concert-jonathan-fournel-zaterdag-05-maart-2022-om-19u30\/\"]}]},{\"@type\":\"BreadcrumbList\",\"@id\":\"https:\/\/chateaudechimay.be\/nl\/concert-jonathan-fournel-zaterdag-05-maart-2022-om-19u30\/#breadcrumb\",\"itemListElement\":[{\"@type\":\"ListItem\",\"position\":1,\"name\":\"Accueil\",\"item\":\"https:\/\/chateaudechimay.be\/nl\/\"},{\"@type\":\"ListItem\",\"position\":2,\"name\":\"Concert Jonathan Fournel &#8211; Zaterdag 05 Maart 2022 om 19u30\"}]},{\"@type\":\"WebSite\",\"@id\":\"https:\/\/chateaudechimay.be\/nl\/#website\",\"url\":\"https:\/\/chateaudechimay.be\/nl\/\",\"name\":\"Het Kasteel van Chimay\",\"description\":\"Ontdek geschiedenis van het Kasteel van Chimay\",\"potentialAction\":[{\"@type\":\"SearchAction\",\"target\":{\"@type\":\"EntryPoint\",\"urlTemplate\":\"https:\/\/chateaudechimay.be\/nl\/?s={search_term_string}\"},\"query-input\":\"required name=search_term_string\"}],\"inLanguage\":\"fr-FR\"},{\"@type\":\"Person\",\"@id\":\"https:\/\/chateaudechimay.be\/nl\/#\/schema\/person\/5af035222b502fbae66cded4e925abfa\",\"name\":\"Anne Herno\u00eb\",\"image\":{\"@type\":\"ImageObject\",\"inLanguage\":\"fr-FR\",\"@id\":\"https:\/\/chateaudechimay.be\/nl\/#\/schema\/person\/image\/\",\"url\":\"https:\/\/secure.gravatar.com\/avatar\/1cad7cab5e51db0d77ddc60cfd9a5e7c?s=96&d=mm&r=g\",\"contentUrl\":\"https:\/\/secure.gravatar.com\/avatar\/1cad7cab5e51db0d77ddc60cfd9a5e7c?s=96&d=mm&r=g\",\"caption\":\"Anne Herno\u00eb\"},\"url\":\"https:\/\/chateaudechimay.be\/nl\/author\/anneh\/\"}]}<\/script>\n<!-- \/ Yoast SEO Premium plugin. -->","yoast_head_json":{"title":"Concert Jonathan Fournel - Zaterdag 05 Maart 2022 om 19u30 - Het Kasteel van Chimay","robots":{"index":"index","follow":"follow","max-snippet":"max-snippet:-1","max-image-preview":"max-image-preview:large","max-video-preview":"max-video-preview:-1"},"canonical":"https:\/\/chateaudechimay.be\/nl\/concert-jonathan-fournel-zaterdag-05-maart-2022-om-19u30\/","og_locale":"fr_FR","og_type":"article","og_title":"Concert Jonathan Fournel - Zaterdag 05 Maart 2022 om 19u30","og_description":"Pianorecital met Jonathan Fournel Winnaar van de Koningin Elisabethwedstrijd 2021 Jonathan Fournel is geboren op 2 oktober 1993 in Sarrebourg. Hij begon piano te spelen in oktober 2000 in de ...","og_url":"https:\/\/chateaudechimay.be\/nl\/concert-jonathan-fournel-zaterdag-05-maart-2022-om-19u30\/","og_site_name":"Het Kasteel van Chimay","article_published_time":"2022-02-01T15:03:39+00:00","article_modified_time":"2023-05-31T07:50:38+00:00","og_image":[{"url":"https:\/\/chateaudechimay.be\/nl\/wp-content\/uploads\/sites\/2\/2022\/02\/Fournel-J-IMG_5156-scaled-1.jpg"}],"author":"Anne Herno\u00eb","twitter_card":"summary_large_image","twitter_misc":{"\u00c9crit par":"Anne Herno\u00eb","Dur\u00e9e de lecture estim\u00e9e":"2 minutes"},"schema":{"@context":"https:\/\/schema.org","@graph":[{"@type":"WebPage","@id":"https:\/\/chateaudechimay.be\/nl\/concert-jonathan-fournel-zaterdag-05-maart-2022-om-19u30\/","url":"https:\/\/chateaudechimay.be\/nl\/concert-jonathan-fournel-zaterdag-05-maart-2022-om-19u30\/","name":"Concert Jonathan Fournel - Zaterdag 05 Maart 2022 om 19u30 - Het Kasteel van Chimay","isPartOf":{"@id":"https:\/\/chateaudechimay.be\/nl\/#website"},"datePublished":"2022-02-01T15:03:39+00:00","dateModified":"2023-05-31T07:50:38+00:00","author":{"@id":"https:\/\/chateaudechimay.be\/nl\/#\/schema\/person\/5af035222b502fbae66cded4e925abfa"},"breadcrumb":{"@id":"https:\/\/chateaudechimay.be\/nl\/concert-jonathan-fournel-zaterdag-05-maart-2022-om-19u30\/#breadcrumb"},"inLanguage":"fr-FR","potentialAction":[{"@type":"ReadAction","target":["https:\/\/chateaudechimay.be\/nl\/concert-jonathan-fournel-zaterdag-05-maart-2022-om-19u30\/"]}]},{"@type":"BreadcrumbList","@id":"https:\/\/chateaudechimay.be\/nl\/concert-jonathan-fournel-zaterdag-05-maart-2022-om-19u30\/#breadcrumb","itemListElement":[{"@type":"ListItem","position":1,"name":"Accueil","item":"https:\/\/chateaudechimay.be\/nl\/"},{"@type":"ListItem","position":2,"name":"Concert Jonathan Fournel &#8211; Zaterdag 05 Maart 2022 om 19u30"}]},{"@type":"WebSite","@id":"https:\/\/chateaudechimay.be\/nl\/#website","url":"https:\/\/chateaudechimay.be\/nl\/","name":"Het Kasteel van Chimay","description":"Ontdek geschiedenis van het Kasteel van Chimay","potentialAction":[{"@type":"SearchAction","target":{"@type":"EntryPoint","urlTemplate":"https:\/\/chateaudechimay.be\/nl\/?s={search_term_string}"},"query-input":"required name=search_term_string"}],"inLanguage":"fr-FR"},{"@type":"Person","@id":"https:\/\/chateaudechimay.be\/nl\/#\/schema\/person\/5af035222b502fbae66cded4e925abfa","name":"Anne Herno\u00eb","image":{"@type":"ImageObject","inLanguage":"fr-FR","@id":"https:\/\/chateaudechimay.be\/nl\/#\/schema\/person\/image\/","url":"https:\/\/secure.gravatar.com\/avatar\/1cad7cab5e51db0d77ddc60cfd9a5e7c?s=96&d=mm&r=g","contentUrl":"https:\/\/secure.gravatar.com\/avatar\/1cad7cab5e51db0d77ddc60cfd9a5e7c?s=96&d=mm&r=g","caption":"Anne Herno\u00eb"},"url":"https:\/\/chateaudechimay.be\/nl\/author\/anneh\/"}]}},"_links":{"self":[{"href":"https:\/\/chateaudechimay.be\/nl\/wp-json\/wp\/v2\/posts\/704"}],"collection":[{"href":"https:\/\/chateaudechimay.be\/nl\/wp-json\/wp\/v2\/posts"}],"about":[{"href":"https:\/\/chateaudechimay.be\/nl\/wp-json\/wp\/v2\/types\/post"}],"author":[{"embeddable":true,"href":"https:\/\/chateaudechimay.be\/nl\/wp-json\/wp\/v2\/users\/2"}],"replies":[{"embeddable":true,"href":"https:\/\/chateaudechimay.be\/nl\/wp-json\/wp\/v2\/comments?post=704"}],"version-history":[{"count":3,"href":"https:\/\/chateaudechimay.be\/nl\/wp-json\/wp\/v2\/posts\/704\/revisions"}],"predecessor-version":[{"id":711,"href":"https:\/\/chateaudechimay.be\/nl\/wp-json\/wp\/v2\/posts\/704\/revisions\/711"}],"wp:attachment":[{"href":"https:\/\/chateaudechimay.be\/nl\/wp-json\/wp\/v2\/media?parent=704"}],"wp:term":[{"taxonomy":"category","embeddable":true,"href":"https:\/\/chateaudechimay.be\/nl\/wp-json\/wp\/v2\/categories?post=704"},{"taxonomy":"post_tag","embeddable":true,"href":"https:\/\/chateaudechimay.be\/nl\/wp-json\/wp\/v2\/tags?post=704"}],"curies":[{"name":"wp","href":"https:\/\/api.w.org\/{rel}","templated":true}]}}