{"id":772,"date":"2022-09-14T12:37:38","date_gmt":"2022-09-14T10:37:38","guid":{"rendered":"https:\/\/chateaudechimay.be\/nl\/?p=772"},"modified":"2023-05-31T09:49:51","modified_gmt":"2023-05-31T07:49:51","slug":"yossif-en-philippe-ivanov-zaterdag-15-oktober-2022-om-19-30-uur","status":"publish","type":"post","link":"https:\/\/chateaudechimay.be\/nl\/yossif-en-philippe-ivanov-zaterdag-15-oktober-2022-om-19-30-uur\/","title":{"rendered":"Yossif en Philippe Ivanov Zaterdag 15 oktober 2022 om 19.30 uur"},"content":{"rendered":"\t\t<div data-elementor-type=\"wp-post\" data-elementor-id=\"772\" class=\"elementor elementor-772\">\n\t\t\t\t\t\t<section class=\"elementor-section elementor-top-section elementor-element elementor-element-7b4c837 elementor-section-boxed elementor-section-height-default elementor-section-height-default\" data-id=\"7b4c837\" data-element_type=\"section\">\n\t\t\t\t\t\t<div class=\"elementor-container elementor-column-gap-default\">\n\t\t\t\t\t<div class=\"elementor-column elementor-col-100 elementor-top-column elementor-element elementor-element-3a7ce43\" data-id=\"3a7ce43\" data-element_type=\"column\">\n\t\t\t<div class=\"elementor-widget-wrap elementor-element-populated\">\n\t\t\t\t\t\t<div class=\"elementor-element elementor-element-2c6736a elementor-widget elementor-widget-heading\" data-id=\"2c6736a\" data-element_type=\"widget\" data-widget_type=\"heading.default\">\n\t\t\t\t<div class=\"elementor-widget-container\">\n\t\t\t<h2 class=\"elementor-heading-title elementor-size-default\">Yossif Ivanov, viool & Philippe Ivanov, piano<\/h2>\t\t<\/div>\n\t\t\t\t<\/div>\n\t\t\t\t\t<\/div>\n\t\t<\/div>\n\t\t\t\t\t<\/div>\n\t\t<\/section>\n\t\t\t\t<section class=\"elementor-section elementor-top-section elementor-element elementor-element-f6fe5b6 elementor-section-boxed elementor-section-height-default elementor-section-height-default\" data-id=\"f6fe5b6\" data-element_type=\"section\">\n\t\t\t\t\t\t<div class=\"elementor-container elementor-column-gap-default\">\n\t\t\t\t\t<div class=\"elementor-column elementor-col-100 elementor-top-column elementor-element elementor-element-745aac5\" data-id=\"745aac5\" data-element_type=\"column\">\n\t\t\t<div class=\"elementor-widget-wrap elementor-element-populated\">\n\t\t\t\t\t\t<div class=\"elementor-element elementor-element-7d78cb7 elementor-widget elementor-widget-text-editor\" data-id=\"7d78cb7\" data-element_type=\"widget\" data-widget_type=\"text-editor.default\">\n\t\t\t\t<div class=\"elementor-widget-container\">\n\t\t\t\t\t\t\t<p>Yossif Ivanov, geprezen als &#8220;een vertolker van uitzonderlijke autoriteit en aanwezigheid&#8221; (The Strad) en als &#8220;een van de grote violisten van morgen&#8221;.<\/p><p>Philippe Ivanov, een Belgische pianist van Bulgaarse afkomst, heeft sinds zijn orkestdebuut in Mozarts Concerto Kv.467 op negenjarige leeftijd een Master met Grote Onderscheiding behaald aan het Koninklijk Conservatorium van Brussel.<\/p>\t\t\t\t\t\t<\/div>\n\t\t\t\t<\/div>\n\t\t\t\t<div class=\"elementor-element elementor-element-86fb0df elementor-widget elementor-widget-spacer\" data-id=\"86fb0df\" data-element_type=\"widget\" data-widget_type=\"spacer.default\">\n\t\t\t\t<div class=\"elementor-widget-container\">\n\t\t\t\t\t<div class=\"elementor-spacer\">\n\t\t\t<div class=\"elementor-spacer-inner\"><\/div>\n\t\t<\/div>\n\t\t\t\t<\/div>\n\t\t\t\t<\/div>\n\t\t\t\t\t<\/div>\n\t\t<\/div>\n\t\t\t\t\t<\/div>\n\t\t<\/section>\n\t\t\t\t<section class=\"elementor-section elementor-top-section elementor-element elementor-element-929d580 elementor-section-boxed elementor-section-height-default elementor-section-height-default\" data-id=\"929d580\" data-element_type=\"section\">\n\t\t\t\t\t\t<div class=\"elementor-container elementor-column-gap-default\">\n\t\t\t\t\t<div class=\"elementor-column elementor-col-100 elementor-top-column elementor-element elementor-element-71cbb90\" data-id=\"71cbb90\" data-element_type=\"column\">\n\t\t\t<div class=\"elementor-widget-wrap elementor-element-populated\">\n\t\t\t\t\t\t<div class=\"elementor-element elementor-element-1569ad2 elementor-widget elementor-widget-text-editor\" data-id=\"1569ad2\" data-element_type=\"widget\" data-widget_type=\"text-editor.default\">\n\t\t\t\t<div class=\"elementor-widget-container\">\n\t\t\t\t\t\t\t<h2><strong>PROGRAMMA<\/strong><\/h2>\t\t\t\t\t\t<\/div>\n\t\t\t\t<\/div>\n\t\t\t\t\t<\/div>\n\t\t<\/div>\n\t\t\t\t\t<\/div>\n\t\t<\/section>\n\t\t\t\t<section class=\"elementor-section elementor-top-section elementor-element elementor-element-5298f31 elementor-section-boxed elementor-section-height-default elementor-section-height-default\" data-id=\"5298f31\" data-element_type=\"section\">\n\t\t\t\t\t\t<div class=\"elementor-container elementor-column-gap-default\">\n\t\t\t\t\t<div class=\"elementor-column elementor-col-50 elementor-top-column elementor-element elementor-element-ac0df50\" data-id=\"ac0df50\" data-element_type=\"column\">\n\t\t\t<div class=\"elementor-widget-wrap elementor-element-populated\">\n\t\t\t\t\t\t<div class=\"elementor-element elementor-element-7520a5c elementor-widget elementor-widget-text-editor\" data-id=\"7520a5c\" data-element_type=\"widget\" data-widget_type=\"text-editor.default\">\n\t\t\t\t<div class=\"elementor-widget-container\">\n\t\t\t\t\t\t\t<p>1ste deel<\/p><p>Ludwig van Beethoven (1770-1827)<\/p><p>Sonate &#8211; f\u00fcr Klavier und Violine Nr. 8 G-Dur op. 30\/3<br \/>Allegro assai<br \/>Minuettempo, maar zeer gematigd en sierlijk<br \/>Allegro vivace<\/p><p>Edvard Grieg (1843-1907)<\/p><p>Sonate &#8211; f\u00fcr Violine und Klavier Nr. 2 G-Dur op. 13<br \/>Lento doloroso &#8211; Poco allegro<br \/>Allegretto tranquillo<br \/>Allegro animato<\/p>\t\t\t\t\t\t<\/div>\n\t\t\t\t<\/div>\n\t\t\t\t\t<\/div>\n\t\t<\/div>\n\t\t\t\t<div class=\"elementor-column elementor-col-50 elementor-top-column elementor-element elementor-element-5947574\" data-id=\"5947574\" data-element_type=\"column\">\n\t\t\t<div class=\"elementor-widget-wrap elementor-element-populated\">\n\t\t\t\t\t\t<div class=\"elementor-element elementor-element-e1a5778 elementor-widget elementor-widget-text-editor\" data-id=\"e1a5778\" data-element_type=\"widget\" data-widget_type=\"text-editor.default\">\n\t\t\t\t<div class=\"elementor-widget-container\">\n\t\t\t\t\t\t\t<p>2e deel<\/p><p>Sergue\u00ef Prokofiev (1891-1953)<\/p><p>Sonate voor viool en piano Nr. 2 D-Major op. 94a<br \/>Moderato<br \/>Presto &#8211; poco meno mosso<br \/>Andante<br \/>Allegro con brio &#8211; poco meno mosso<\/p><p>Maurice Ravel (1875-1937)<\/p><p>Tzigane &#8211; voor viool en orkest (of piano)<br \/>Lento, quasi cadens<br \/>Moderato<\/p>\t\t\t\t\t\t<\/div>\n\t\t\t\t<\/div>\n\t\t\t\t\t<\/div>\n\t\t<\/div>\n\t\t\t\t\t<\/div>\n\t\t<\/section>\n\t\t\t\t<section class=\"elementor-section elementor-top-section elementor-element elementor-element-3512cd4 elementor-section-boxed elementor-section-height-default elementor-section-height-default\" data-id=\"3512cd4\" data-element_type=\"section\">\n\t\t\t\t\t\t<div class=\"elementor-container elementor-column-gap-default\">\n\t\t\t\t\t<div class=\"elementor-column elementor-col-100 elementor-top-column elementor-element elementor-element-f138b88\" data-id=\"f138b88\" data-element_type=\"column\">\n\t\t\t<div class=\"elementor-widget-wrap elementor-element-populated\">\n\t\t\t\t\t\t<div class=\"elementor-element elementor-element-6e55d1d elementor-widget-divider--view-line elementor-widget elementor-widget-divider\" data-id=\"6e55d1d\" data-element_type=\"widget\" data-widget_type=\"divider.default\">\n\t\t\t\t<div class=\"elementor-widget-container\">\n\t\t\t\t\t<div class=\"elementor-divider\">\n\t\t\t<span class=\"elementor-divider-separator\">\n\t\t\t\t\t\t<\/span>\n\t\t<\/div>\n\t\t\t\t<\/div>\n\t\t\t\t<\/div>\n\t\t\t\t<div class=\"elementor-element elementor-element-9e89e81 elementor-widget elementor-widget-text-editor\" data-id=\"9e89e81\" data-element_type=\"widget\" data-widget_type=\"text-editor.default\">\n\t\t\t\t<div class=\"elementor-widget-container\">\n\t\t\t\t\t\t\t<h3><strong>TARIEF<\/strong><br \/><br \/>32\u20ac \/ Volwassene<br \/>30\u20ac \/ Senior (+60 jaar)<br \/>15\u20ac \/ Jeugd (-25 jaar)<\/h3>\t\t\t\t\t\t<\/div>\n\t\t\t\t<\/div>\n\t\t\t\t<div class=\"elementor-element elementor-element-58d8b5f elementor-widget-divider--view-line elementor-widget elementor-widget-divider\" data-id=\"58d8b5f\" data-element_type=\"widget\" data-widget_type=\"divider.default\">\n\t\t\t\t<div class=\"elementor-widget-container\">\n\t\t\t\t\t<div class=\"elementor-divider\">\n\t\t\t<span class=\"elementor-divider-separator\">\n\t\t\t\t\t\t<\/span>\n\t\t<\/div>\n\t\t\t\t<\/div>\n\t\t\t\t<\/div>\n\t\t\t\t\t<\/div>\n\t\t<\/div>\n\t\t\t\t\t<\/div>\n\t\t<\/section>\n\t\t\t\t<section class=\"elementor-section elementor-top-section elementor-element elementor-element-a833636 elementor-section-boxed elementor-section-height-default elementor-section-height-default\" data-id=\"a833636\" data-element_type=\"section\">\n\t\t\t\t\t\t<div class=\"elementor-container elementor-column-gap-default\">\n\t\t\t\t\t<div class=\"elementor-column elementor-col-33 elementor-top-column elementor-element elementor-element-e6d7182\" data-id=\"e6d7182\" data-element_type=\"column\">\n\t\t\t<div class=\"elementor-widget-wrap elementor-element-populated\">\n\t\t\t\t\t\t<div class=\"elementor-element elementor-element-9c33bd2 elementor-widget elementor-widget-text-editor\" data-id=\"9c33bd2\" data-element_type=\"widget\" data-widget_type=\"text-editor.default\">\n\t\t\t\t<div class=\"elementor-widget-container\">\n\t\t\t\t\t\t\t<h2><strong>TICKETS :\u00a0<\/strong><\/h2>\t\t\t\t\t\t<\/div>\n\t\t\t\t<\/div>\n\t\t\t\t\t<\/div>\n\t\t<\/div>\n\t\t\t\t<div class=\"elementor-column elementor-col-66 elementor-top-column elementor-element elementor-element-0b6eac8\" data-id=\"0b6eac8\" data-element_type=\"column\">\n\t\t\t<div class=\"elementor-widget-wrap elementor-element-populated\">\n\t\t\t\t\t\t<div class=\"elementor-element elementor-element-68854fc elementor-widget elementor-widget-button\" data-id=\"68854fc\" data-element_type=\"widget\" data-widget_type=\"button.default\">\n\t\t\t\t<div class=\"elementor-widget-container\">\n\t\t\t\t\t<div class=\"elementor-button-wrapper\">\n\t\t\t<a class=\"elementor-button elementor-button-link elementor-size-lg\" href=\"\">\n\t\t\t\t\t\t<span class=\"elementor-button-content-wrapper\">\n\t\t\t\t\t\t<span class=\"elementor-button-text\">TICKETS ONLINE<\/span>\n\t\t<\/span>\n\t\t\t\t\t<\/a>\n\t\t<\/div>\n\t\t\t\t<\/div>\n\t\t\t\t<\/div>\n\t\t\t\t\t<\/div>\n\t\t<\/div>\n\t\t\t\t\t<\/div>\n\t\t<\/section>\n\t\t\t\t<section class=\"elementor-section elementor-top-section elementor-element elementor-element-5a502cf elementor-section-boxed elementor-section-height-default elementor-section-height-default\" data-id=\"5a502cf\" data-element_type=\"section\">\n\t\t\t\t\t\t<div class=\"elementor-container elementor-column-gap-default\">\n\t\t\t\t\t<div class=\"elementor-column elementor-col-100 elementor-top-column elementor-element elementor-element-4a4a319\" data-id=\"4a4a319\" data-element_type=\"column\">\n\t\t\t<div class=\"elementor-widget-wrap elementor-element-populated\">\n\t\t\t\t\t\t<div class=\"elementor-element elementor-element-36a4886 elementor-widget-divider--view-line elementor-widget elementor-widget-divider\" data-id=\"36a4886\" data-element_type=\"widget\" data-widget_type=\"divider.default\">\n\t\t\t\t<div class=\"elementor-widget-container\">\n\t\t\t\t\t<div class=\"elementor-divider\">\n\t\t\t<span class=\"elementor-divider-separator\">\n\t\t\t\t\t\t<\/span>\n\t\t<\/div>\n\t\t\t\t<\/div>\n\t\t\t\t<\/div>\n\t\t\t\t\t<\/div>\n\t\t<\/div>\n\t\t\t\t\t<\/div>\n\t\t<\/section>\n\t\t\t\t<section class=\"elementor-section elementor-top-section elementor-element elementor-element-aacb3ba elementor-section-boxed elementor-section-height-default elementor-section-height-default\" data-id=\"aacb3ba\" data-element_type=\"section\">\n\t\t\t\t\t\t<div class=\"elementor-container elementor-column-gap-default\">\n\t\t\t\t\t<div class=\"elementor-column elementor-col-50 elementor-top-column elementor-element elementor-element-682419e\" data-id=\"682419e\" data-element_type=\"column\">\n\t\t\t<div class=\"elementor-widget-wrap elementor-element-populated\">\n\t\t\t\t\t\t<div class=\"elementor-element elementor-element-4204feb elementor-widget elementor-widget-image\" data-id=\"4204feb\" data-element_type=\"widget\" data-widget_type=\"image.default\">\n\t\t\t\t<div class=\"elementor-widget-container\">\n\t\t\t\t\t\t\t\t\t\t\t\t\t<img fetchpriority=\"high\" width=\"800\" height=\"1005\" src=\"https:\/\/chateaudechimay.be\/nl\/wp-content\/uploads\/sites\/2\/2022\/09\/Yossif-Ivanov-815x1024-1.jpg\" class=\"attachment-large size-large wp-image-776\" alt=\"\" srcset=\"https:\/\/chateaudechimay.be\/nl\/wp-content\/uploads\/sites\/2\/2022\/09\/Yossif-Ivanov-815x1024-1.jpg 815w, https:\/\/chateaudechimay.be\/nl\/wp-content\/uploads\/sites\/2\/2022\/09\/Yossif-Ivanov-815x1024-1-239x300.jpg 239w, https:\/\/chateaudechimay.be\/nl\/wp-content\/uploads\/sites\/2\/2022\/09\/Yossif-Ivanov-815x1024-1-768x965.jpg 768w\" sizes=\"(max-width: 800px) 100vw, 800px\" \/>\t\t\t\t\t\t\t\t\t\t\t\t\t<\/div>\n\t\t\t\t<\/div>\n\t\t\t\t<div class=\"elementor-element elementor-element-9de1028 elementor-widget elementor-widget-text-editor\" data-id=\"9de1028\" data-element_type=\"widget\" data-widget_type=\"text-editor.default\">\n\t\t\t\t<div class=\"elementor-widget-container\">\n\t\t\t\t\t\t\t<h2><strong>Yossif Ivanov, viool<\/strong><\/h2><p><br \/>Geprezen als &#8220;een speler van indrukwekkende autoriteit en aanwezigheid&#8221; (The Strad) en &#8220;een van de beste violisten van morgen&#8221; (Diapason), heeft Yossif Ivanov zich snel gevestigd als een van de meest opwindende violisten van zijn generatie. Op 16-jarige leeftijd won hij de eerste prijs op de internationale wedstrijd van Montreal en twee jaar later de tweede prijs en de publieksprijs op de Koningin Elisabethwedstrijd in Brussel.<\/p><p>Yossif Ivanov studeerde viool bij Zakhar Bron, Igor &amp; Valery Oistrakh en Augustin Dumay. Sinds 2008 is hij de jongste viooldocent aan het Koninklijk Conservatorium van Brussel.<\/p><p>Yossif Ivanov speelt op de Stradivarius &#8220;Lady Tennant&#8221; uit 1699, vriendelijk uitgeleend door de Stradivarius Society of Chicago.<\/p>\t\t\t\t\t\t<\/div>\n\t\t\t\t<\/div>\n\t\t\t\t\t<\/div>\n\t\t<\/div>\n\t\t\t\t<div class=\"elementor-column elementor-col-50 elementor-top-column elementor-element elementor-element-7b90cb7\" data-id=\"7b90cb7\" data-element_type=\"column\">\n\t\t\t<div class=\"elementor-widget-wrap elementor-element-populated\">\n\t\t\t\t\t\t<div class=\"elementor-element elementor-element-3dad473 elementor-widget elementor-widget-image\" data-id=\"3dad473\" data-element_type=\"widget\" data-widget_type=\"image.default\">\n\t\t\t\t<div class=\"elementor-widget-container\">\n\t\t\t\t\t\t\t\t\t\t\t\t\t<img width=\"756\" height=\"1024\" src=\"https:\/\/chateaudechimay.be\/nl\/wp-content\/uploads\/sites\/2\/2022\/09\/philippe-ivanov-1-756x1024-1.jpg\" class=\"attachment-large size-large wp-image-777\" alt=\"\" srcset=\"https:\/\/chateaudechimay.be\/nl\/wp-content\/uploads\/sites\/2\/2022\/09\/philippe-ivanov-1-756x1024-1.jpg 756w, https:\/\/chateaudechimay.be\/nl\/wp-content\/uploads\/sites\/2\/2022\/09\/philippe-ivanov-1-756x1024-1-221x300.jpg 221w\" sizes=\"(max-width: 756px) 100vw, 756px\" \/>\t\t\t\t\t\t\t\t\t\t\t\t\t<\/div>\n\t\t\t\t<\/div>\n\t\t\t\t<div class=\"elementor-element elementor-element-bdf6d23 elementor-widget elementor-widget-text-editor\" data-id=\"bdf6d23\" data-element_type=\"widget\" data-widget_type=\"text-editor.default\">\n\t\t\t\t<div class=\"elementor-widget-container\">\n\t\t\t\t\t\t\t<h2><strong>Philippe Ivanov, piano<\/strong><\/h2><p><br \/>Sinds zijn debuut met het orkest in het Concerto Kv.467 van Mozart op negenjarige leeftijd is de Belgische pianist van Bulgaarse origine, Philippe Ivanov (\u00b01988), solist bij de Filharmonie van Vlaanderen, het Nieuw Symfonieorkest (Bulgarije) en het Bulgaars Nationaal Radio Orkest. Hij heeft solorecitals gegeven in verschillende steden en festivals in Europa, de V.S. en Canada.<\/p><p>In 2002 won hij de Belgische Nationale Radio en Televisie Tenutowedstrijd in Brussel, en in 2004 vertegenwoordigde hij Belgi\u00eb op de 12e EBU Eurovision Young Musicians in Luzern, Zwitserland. In december 2005 won hij de wedstrijd Jonge Solisten georganiseerd door de Koninklijke Filharmonie van Vlaanderen.<\/p><p>Sinds 2015 is Philippe Ivanov professor verantwoordelijk voor de begeleiding aan het Institut Sup\u00e9rieur de Musique et de P\u00e9dagogie in Namen en blijft hij regelmatig optreden in recital of als duo met zijn broer de violist Yossif Ivanov.<\/p>\t\t\t\t\t\t<\/div>\n\t\t\t\t<\/div>\n\t\t\t\t\t<\/div>\n\t\t<\/div>\n\t\t\t\t\t<\/div>\n\t\t<\/section>\n\t\t\t\t<section class=\"elementor-section elementor-top-section elementor-element elementor-element-7f87100 elementor-section-boxed elementor-section-height-default elementor-section-height-default\" data-id=\"7f87100\" data-element_type=\"section\">\n\t\t\t\t\t\t<div class=\"elementor-container elementor-column-gap-default\">\n\t\t\t\t\t<div class=\"elementor-column elementor-col-100 elementor-top-column elementor-element elementor-element-b34a18e\" data-id=\"b34a18e\" data-element_type=\"column\">\n\t\t\t<div class=\"elementor-widget-wrap elementor-element-populated\">\n\t\t\t\t\t\t<div class=\"elementor-element elementor-element-687ab5c elementor-widget-divider--view-line elementor-widget elementor-widget-divider\" data-id=\"687ab5c\" data-element_type=\"widget\" data-widget_type=\"divider.default\">\n\t\t\t\t<div class=\"elementor-widget-container\">\n\t\t\t\t\t<div class=\"elementor-divider\">\n\t\t\t<span class=\"elementor-divider-separator\">\n\t\t\t\t\t\t<\/span>\n\t\t<\/div>\n\t\t\t\t<\/div>\n\t\t\t\t<\/div>\n\t\t\t\t<div class=\"elementor-element elementor-element-44089cd elementor-widget elementor-widget-text-editor\" data-id=\"44089cd\" data-element_type=\"widget\" data-widget_type=\"text-editor.default\">\n\t\t\t\t<div class=\"elementor-widget-container\">\n\t\t\t\t\t\t\t<h3><strong>Praktische informatie:<\/strong><\/h3><ul><li>Opening van de deuren van het kasteel om 18.30 uur<\/li><li>Het concert begint om 19.30 uur precies<\/li><\/ul>\t\t\t\t\t\t<\/div>\n\t\t\t\t<\/div>\n\t\t\t\t\t<\/div>\n\t\t<\/div>\n\t\t\t\t\t<\/div>\n\t\t<\/section>\n\t\t\t\t<\/div>\n\t\t","protected":false},"excerpt":{"rendered":"<p>Yossif Ivanov, viool &#038; Philippe Ivanov, piano Yossif Ivanov, geprezen als &#8220;een vertolker van uitzonderlijke autoriteit en aanwezigheid&#8221; (The Strad) en als &#8220;een van de grote violisten van morgen&#8221;. Philippe &#8230;<\/p>\n","protected":false},"author":2,"featured_media":773,"comment_status":"closed","ping_status":"closed","sticky":false,"template":"","format":"standard","meta":{"_mi_skip_tracking":false},"categories":[6],"tags":[],"yoast_head":"<!-- This site is optimized with the Yoast SEO Premium plugin v20.2.1 (Yoast SEO v20.2.1) - https:\/\/yoast.com\/wordpress\/plugins\/seo\/ -->\n<title>Yossif en Philippe Ivanov Zaterdag 15 oktober 2022 om 19.30 uur - Het Kasteel van Chimay<\/title>\n<meta name=\"robots\" content=\"index, follow, max-snippet:-1, max-image-preview:large, max-video-preview:-1\" \/>\n<link rel=\"canonical\" href=\"https:\/\/chateaudechimay.be\/nl\/yossif-en-philippe-ivanov-zaterdag-15-oktober-2022-om-19-30-uur\/\" \/>\n<meta property=\"og:locale\" content=\"fr_FR\" \/>\n<meta property=\"og:type\" content=\"article\" \/>\n<meta property=\"og:title\" content=\"Yossif en Philippe Ivanov Zaterdag 15 oktober 2022 om 19.30 uur\" \/>\n<meta property=\"og:description\" content=\"Yossif Ivanov, viool &#038; Philippe Ivanov, piano Yossif Ivanov, geprezen als &#8220;een vertolker van uitzonderlijke autoriteit en aanwezigheid&#8221; (The Strad) en als &#8220;een van de grote violisten van morgen&#8221;. Philippe ...\" \/>\n<meta property=\"og:url\" content=\"https:\/\/chateaudechimay.be\/nl\/yossif-en-philippe-ivanov-zaterdag-15-oktober-2022-om-19-30-uur\/\" \/>\n<meta property=\"og:site_name\" content=\"Het Kasteel van Chimay\" \/>\n<meta property=\"article:published_time\" content=\"2022-09-14T10:37:38+00:00\" \/>\n<meta property=\"article:modified_time\" content=\"2023-05-31T07:49:51+00:00\" \/>\n<meta property=\"og:image\" content=\"https:\/\/chateaudechimay.be\/nl\/wp-content\/uploads\/sites\/2\/2022\/09\/IVANOV-Y-Ph-1-cMiel-Pieters_2-scaled-1.jpg\" \/>\n\t<meta property=\"og:image:width\" content=\"800\" \/>\n\t<meta property=\"og:image:height\" content=\"533\" \/>\n\t<meta property=\"og:image:type\" content=\"image\/jpeg\" \/>\n<meta name=\"author\" content=\"Anne Herno\u00eb\" \/>\n<meta name=\"twitter:card\" content=\"summary_large_image\" \/>\n<meta name=\"twitter:label1\" content=\"\u00c9crit par\" \/>\n\t<meta name=\"twitter:data1\" content=\"Anne Herno\u00eb\" \/>\n\t<meta name=\"twitter:label2\" content=\"Dur\u00e9e de lecture estim\u00e9e\" \/>\n\t<meta name=\"twitter:data2\" content=\"3 minutes\" \/>\n<script type=\"application\/ld+json\" class=\"yoast-schema-graph\">{\"@context\":\"https:\/\/schema.org\",\"@graph\":[{\"@type\":\"WebPage\",\"@id\":\"https:\/\/chateaudechimay.be\/nl\/yossif-en-philippe-ivanov-zaterdag-15-oktober-2022-om-19-30-uur\/\",\"url\":\"https:\/\/chateaudechimay.be\/nl\/yossif-en-philippe-ivanov-zaterdag-15-oktober-2022-om-19-30-uur\/\",\"name\":\"Yossif en Philippe Ivanov Zaterdag 15 oktober 2022 om 19.30 uur - Het Kasteel van Chimay\",\"isPartOf\":{\"@id\":\"https:\/\/chateaudechimay.be\/nl\/#website\"},\"datePublished\":\"2022-09-14T10:37:38+00:00\",\"dateModified\":\"2023-05-31T07:49:51+00:00\",\"author\":{\"@id\":\"https:\/\/chateaudechimay.be\/nl\/#\/schema\/person\/5af035222b502fbae66cded4e925abfa\"},\"breadcrumb\":{\"@id\":\"https:\/\/chateaudechimay.be\/nl\/yossif-en-philippe-ivanov-zaterdag-15-oktober-2022-om-19-30-uur\/#breadcrumb\"},\"inLanguage\":\"fr-FR\",\"potentialAction\":[{\"@type\":\"ReadAction\",\"target\":[\"https:\/\/chateaudechimay.be\/nl\/yossif-en-philippe-ivanov-zaterdag-15-oktober-2022-om-19-30-uur\/\"]}]},{\"@type\":\"BreadcrumbList\",\"@id\":\"https:\/\/chateaudechimay.be\/nl\/yossif-en-philippe-ivanov-zaterdag-15-oktober-2022-om-19-30-uur\/#breadcrumb\",\"itemListElement\":[{\"@type\":\"ListItem\",\"position\":1,\"name\":\"Accueil\",\"item\":\"https:\/\/chateaudechimay.be\/nl\/\"},{\"@type\":\"ListItem\",\"position\":2,\"name\":\"Yossif en Philippe Ivanov Zaterdag 15 oktober 2022 om 19.30 uur\"}]},{\"@type\":\"WebSite\",\"@id\":\"https:\/\/chateaudechimay.be\/nl\/#website\",\"url\":\"https:\/\/chateaudechimay.be\/nl\/\",\"name\":\"Het Kasteel van Chimay\",\"description\":\"Ontdek geschiedenis van het Kasteel van Chimay\",\"potentialAction\":[{\"@type\":\"SearchAction\",\"target\":{\"@type\":\"EntryPoint\",\"urlTemplate\":\"https:\/\/chateaudechimay.be\/nl\/?s={search_term_string}\"},\"query-input\":\"required name=search_term_string\"}],\"inLanguage\":\"fr-FR\"},{\"@type\":\"Person\",\"@id\":\"https:\/\/chateaudechimay.be\/nl\/#\/schema\/person\/5af035222b502fbae66cded4e925abfa\",\"name\":\"Anne Herno\u00eb\",\"image\":{\"@type\":\"ImageObject\",\"inLanguage\":\"fr-FR\",\"@id\":\"https:\/\/chateaudechimay.be\/nl\/#\/schema\/person\/image\/\",\"url\":\"https:\/\/secure.gravatar.com\/avatar\/1cad7cab5e51db0d77ddc60cfd9a5e7c?s=96&d=mm&r=g\",\"contentUrl\":\"https:\/\/secure.gravatar.com\/avatar\/1cad7cab5e51db0d77ddc60cfd9a5e7c?s=96&d=mm&r=g\",\"caption\":\"Anne Herno\u00eb\"},\"url\":\"https:\/\/chateaudechimay.be\/nl\/author\/anneh\/\"}]}<\/script>\n<!-- \/ Yoast SEO Premium plugin. -->","yoast_head_json":{"title":"Yossif en Philippe Ivanov Zaterdag 15 oktober 2022 om 19.30 uur - Het Kasteel van Chimay","robots":{"index":"index","follow":"follow","max-snippet":"max-snippet:-1","max-image-preview":"max-image-preview:large","max-video-preview":"max-video-preview:-1"},"canonical":"https:\/\/chateaudechimay.be\/nl\/yossif-en-philippe-ivanov-zaterdag-15-oktober-2022-om-19-30-uur\/","og_locale":"fr_FR","og_type":"article","og_title":"Yossif en Philippe Ivanov Zaterdag 15 oktober 2022 om 19.30 uur","og_description":"Yossif Ivanov, viool &#038; Philippe Ivanov, piano Yossif Ivanov, geprezen als &#8220;een vertolker van uitzonderlijke autoriteit en aanwezigheid&#8221; (The Strad) en als &#8220;een van de grote violisten van morgen&#8221;. Philippe ...","og_url":"https:\/\/chateaudechimay.be\/nl\/yossif-en-philippe-ivanov-zaterdag-15-oktober-2022-om-19-30-uur\/","og_site_name":"Het Kasteel van Chimay","article_published_time":"2022-09-14T10:37:38+00:00","article_modified_time":"2023-05-31T07:49:51+00:00","og_image":[{"width":800,"height":533,"url":"https:\/\/chateaudechimay.be\/nl\/wp-content\/uploads\/sites\/2\/2022\/09\/IVANOV-Y-Ph-1-cMiel-Pieters_2-scaled-1.jpg","type":"image\/jpeg"}],"author":"Anne Herno\u00eb","twitter_card":"summary_large_image","twitter_misc":{"\u00c9crit par":"Anne Herno\u00eb","Dur\u00e9e de lecture estim\u00e9e":"3 minutes"},"schema":{"@context":"https:\/\/schema.org","@graph":[{"@type":"WebPage","@id":"https:\/\/chateaudechimay.be\/nl\/yossif-en-philippe-ivanov-zaterdag-15-oktober-2022-om-19-30-uur\/","url":"https:\/\/chateaudechimay.be\/nl\/yossif-en-philippe-ivanov-zaterdag-15-oktober-2022-om-19-30-uur\/","name":"Yossif en Philippe Ivanov Zaterdag 15 oktober 2022 om 19.30 uur - Het Kasteel van Chimay","isPartOf":{"@id":"https:\/\/chateaudechimay.be\/nl\/#website"},"datePublished":"2022-09-14T10:37:38+00:00","dateModified":"2023-05-31T07:49:51+00:00","author":{"@id":"https:\/\/chateaudechimay.be\/nl\/#\/schema\/person\/5af035222b502fbae66cded4e925abfa"},"breadcrumb":{"@id":"https:\/\/chateaudechimay.be\/nl\/yossif-en-philippe-ivanov-zaterdag-15-oktober-2022-om-19-30-uur\/#breadcrumb"},"inLanguage":"fr-FR","potentialAction":[{"@type":"ReadAction","target":["https:\/\/chateaudechimay.be\/nl\/yossif-en-philippe-ivanov-zaterdag-15-oktober-2022-om-19-30-uur\/"]}]},{"@type":"BreadcrumbList","@id":"https:\/\/chateaudechimay.be\/nl\/yossif-en-philippe-ivanov-zaterdag-15-oktober-2022-om-19-30-uur\/#breadcrumb","itemListElement":[{"@type":"ListItem","position":1,"name":"Accueil","item":"https:\/\/chateaudechimay.be\/nl\/"},{"@type":"ListItem","position":2,"name":"Yossif en Philippe Ivanov Zaterdag 15 oktober 2022 om 19.30 uur"}]},{"@type":"WebSite","@id":"https:\/\/chateaudechimay.be\/nl\/#website","url":"https:\/\/chateaudechimay.be\/nl\/","name":"Het Kasteel van Chimay","description":"Ontdek geschiedenis van het Kasteel van Chimay","potentialAction":[{"@type":"SearchAction","target":{"@type":"EntryPoint","urlTemplate":"https:\/\/chateaudechimay.be\/nl\/?s={search_term_string}"},"query-input":"required name=search_term_string"}],"inLanguage":"fr-FR"},{"@type":"Person","@id":"https:\/\/chateaudechimay.be\/nl\/#\/schema\/person\/5af035222b502fbae66cded4e925abfa","name":"Anne Herno\u00eb","image":{"@type":"ImageObject","inLanguage":"fr-FR","@id":"https:\/\/chateaudechimay.be\/nl\/#\/schema\/person\/image\/","url":"https:\/\/secure.gravatar.com\/avatar\/1cad7cab5e51db0d77ddc60cfd9a5e7c?s=96&d=mm&r=g","contentUrl":"https:\/\/secure.gravatar.com\/avatar\/1cad7cab5e51db0d77ddc60cfd9a5e7c?s=96&d=mm&r=g","caption":"Anne Herno\u00eb"},"url":"https:\/\/chateaudechimay.be\/nl\/author\/anneh\/"}]}},"_links":{"self":[{"href":"https:\/\/chateaudechimay.be\/nl\/wp-json\/wp\/v2\/posts\/772"}],"collection":[{"href":"https:\/\/chateaudechimay.be\/nl\/wp-json\/wp\/v2\/posts"}],"about":[{"href":"https:\/\/chateaudechimay.be\/nl\/wp-json\/wp\/v2\/types\/post"}],"author":[{"embeddable":true,"href":"https:\/\/chateaudechimay.be\/nl\/wp-json\/wp\/v2\/users\/2"}],"replies":[{"embeddable":true,"href":"https:\/\/chateaudechimay.be\/nl\/wp-json\/wp\/v2\/comments?post=772"}],"version-history":[{"count":4,"href":"https:\/\/chateaudechimay.be\/nl\/wp-json\/wp\/v2\/posts\/772\/revisions"}],"predecessor-version":[{"id":780,"href":"https:\/\/chateaudechimay.be\/nl\/wp-json\/wp\/v2\/posts\/772\/revisions\/780"}],"wp:featuredmedia":[{"embeddable":true,"href":"https:\/\/chateaudechimay.be\/nl\/wp-json\/wp\/v2\/media\/773"}],"wp:attachment":[{"href":"https:\/\/chateaudechimay.be\/nl\/wp-json\/wp\/v2\/media?parent=772"}],"wp:term":[{"taxonomy":"category","embeddable":true,"href":"https:\/\/chateaudechimay.be\/nl\/wp-json\/wp\/v2\/categories?post=772"},{"taxonomy":"post_tag","embeddable":true,"href":"https:\/\/chateaudechimay.be\/nl\/wp-json\/wp\/v2\/tags?post=772"}],"curies":[{"name":"wp","href":"https:\/\/api.w.org\/{rel}","templated":true}]}}