{"id":810,"date":"2022-10-27T11:35:48","date_gmt":"2022-10-27T09:35:48","guid":{"rendered":"https:\/\/chateaudechimay.be\/nl\/?p=810"},"modified":"2023-05-31T09:49:21","modified_gmt":"2023-05-31T07:49:21","slug":"kerstconcert-vlaams-radiokoor-zaterdag-17-december-2022-om-19-30-uur","status":"publish","type":"post","link":"https:\/\/chateaudechimay.be\/nl\/kerstconcert-vlaams-radiokoor-zaterdag-17-december-2022-om-19-30-uur\/","title":{"rendered":"Kerstconcert &#8211; Vlaams Radiokoor zaterdag 17 december 2022 om 19.30 uur"},"content":{"rendered":"\t\t<div data-elementor-type=\"wp-post\" data-elementor-id=\"810\" class=\"elementor elementor-810\">\n\t\t\t\t\t\t<section class=\"elementor-section elementor-top-section elementor-element elementor-element-e5a6e96 elementor-section-boxed elementor-section-height-default elementor-section-height-default\" data-id=\"e5a6e96\" data-element_type=\"section\">\n\t\t\t\t\t\t<div class=\"elementor-container elementor-column-gap-default\">\n\t\t\t\t\t<div class=\"elementor-column elementor-col-100 elementor-top-column elementor-element elementor-element-4848af6\" data-id=\"4848af6\" data-element_type=\"column\">\n\t\t\t<div class=\"elementor-widget-wrap elementor-element-populated\">\n\t\t\t\t\t\t<div class=\"elementor-element elementor-element-c8c2d58 elementor-widget elementor-widget-text-editor\" data-id=\"c8c2d58\" data-element_type=\"widget\" data-widget_type=\"text-editor.default\">\n\t\t\t\t<div class=\"elementor-widget-container\">\n\t\t\t\t\t\t\t<h3 style=\"text-align: center;\"><span style=\"color: #bd0f3a;\">In het kader van de kerstmarkt van Chimay<\/span><\/h3><h3 style=\"text-align: center;\"><span style=\"color: #bd0f3a;\"><em><strong>Christmas Songs<\/strong><\/em><\/span><\/h3><h3 style=\"text-align: center;\">Vlaams Radiokoor, Martina Bati\u010d<\/h3><p><br \/>Na een gat van twee jaar&#8230; zijn we terug met ons traditionele kerstconcert.<\/p><p>Deze keer is het Vlaams Radiokoor terug, ge\u00efnspireerd door de rijke Britse traditie.<\/p><p>Ongeacht geloof, overtuigingen en rituelen herinnert de muziek van onder anderen Jonathan Dove, John Tavener en Benjamin Britten ons eraan dat de kersttijd een tijd van absolute transcendentie is.<\/p><p>Het is een tijd om samen te komen, om getroost te worden door klassieke kerstliederen, om banden te smeden en hoopvol te beloven.<\/p><p>\u00a0<\/p><h2>Programme<\/h2><ul><li><strong><span class=\"text-o-color-5\">Jonathan Dove<\/span><\/strong><br \/><em>Seek Him That Maketh The Seven Stars<\/em><\/li><li><strong><span class=\"text-o-color-5\">John Tavener<\/span><\/strong><em><br \/>Mother and Child<\/em><\/li><li><strong><span class=\"text-o-color-5\">Benjamin Britten<\/span><\/strong><em><br \/>Christ\u2019s Nativity<\/em><\/li><li><strong><span class=\"text-o-color-5\">Will Todd<\/span><\/strong><em><br \/>My Lord Has Come<\/em><\/li><li><strong><span class=\"text-o-color-5\">Ben Parry<\/span><\/strong><em><br \/>Il est n\u00e9, le divin enfant<\/em><\/li><li><strong><span class=\"text-o-color-5\">Christmas Songs:<\/span><\/strong><br \/><em>Jingle Bells, The Twelve Days Of Christmas, Carol of the Bells, Christmas Song , Veni Emmanuel, Silent Night<\/em><\/li><\/ul><p>Een donkere nacht, geleidelijk verlicht door het twinkelen van de sterren, en plotseling: licht. Jonathan Dove begint het concert in een magische stemming. John Tavener neemt het over en verbeeldt het wonder van Jezus&#8217; geboorte op deze bijzondere nacht, in een ode aan Maria, de universele moeder.<\/p><p>De boodschap van hoop en vrede die deze geboorte uitdraagt, wordt door de jonge Benjamin Britten vertaald in een even heldere als indrukwekkende Geboorte van Christus. Will Todd biedt ons een moment van meditatie, voordat we ons in een houtvuursfeer bevinden om te luisteren naar heerlijke traditionele kerstliederen zoals Jingle Bells, The Twelve Days Of Christmas en Christmas Song: &#8220;although it&#8217;s been said many times, many ways, Merry Christmas to you&#8230;&#8221;.<\/p>\t\t\t\t\t\t<\/div>\n\t\t\t\t<\/div>\n\t\t\t\t<div class=\"elementor-element elementor-element-57bae65 elementor-widget-divider--view-line elementor-widget elementor-widget-divider\" data-id=\"57bae65\" data-element_type=\"widget\" data-widget_type=\"divider.default\">\n\t\t\t\t<div class=\"elementor-widget-container\">\n\t\t\t\t\t<div class=\"elementor-divider\">\n\t\t\t<span class=\"elementor-divider-separator\">\n\t\t\t\t\t\t<\/span>\n\t\t<\/div>\n\t\t\t\t<\/div>\n\t\t\t\t<\/div>\n\t\t\t\t<div class=\"elementor-element elementor-element-77c69ce elementor-widget elementor-widget-text-editor\" data-id=\"77c69ce\" data-element_type=\"widget\" data-widget_type=\"text-editor.default\">\n\t\t\t\t<div class=\"elementor-widget-container\">\n\t\t\t\t\t\t\t<h2>Tarif<\/h2><ul><li>38\u20ac\/volwassene<\/li><li>35\u20ac\/senior (+60 jaar)<\/li><li>20\u20ac\/jonge (-25 jaar)<\/li><\/ul>\t\t\t\t\t\t<\/div>\n\t\t\t\t<\/div>\n\t\t\t\t<div class=\"elementor-element elementor-element-91c7a9f elementor-widget-divider--view-line elementor-widget elementor-widget-divider\" data-id=\"91c7a9f\" data-element_type=\"widget\" data-widget_type=\"divider.default\">\n\t\t\t\t<div class=\"elementor-widget-container\">\n\t\t\t\t\t<div class=\"elementor-divider\">\n\t\t\t<span class=\"elementor-divider-separator\">\n\t\t\t\t\t\t<\/span>\n\t\t<\/div>\n\t\t\t\t<\/div>\n\t\t\t\t<\/div>\n\t\t\t\t\t<\/div>\n\t\t<\/div>\n\t\t\t\t\t<\/div>\n\t\t<\/section>\n\t\t\t\t<section class=\"elementor-section elementor-top-section elementor-element elementor-element-30b8dd7 elementor-section-boxed elementor-section-height-default elementor-section-height-default\" data-id=\"30b8dd7\" data-element_type=\"section\">\n\t\t\t\t\t\t<div class=\"elementor-container elementor-column-gap-default\">\n\t\t\t\t\t<div class=\"elementor-column elementor-col-33 elementor-top-column elementor-element elementor-element-9b8b427\" data-id=\"9b8b427\" data-element_type=\"column\">\n\t\t\t<div class=\"elementor-widget-wrap elementor-element-populated\">\n\t\t\t\t\t\t<div class=\"elementor-element elementor-element-80aeeac elementor-widget elementor-widget-text-editor\" data-id=\"80aeeac\" data-element_type=\"widget\" data-widget_type=\"text-editor.default\">\n\t\t\t\t<div class=\"elementor-widget-container\">\n\t\t\t\t\t\t\t<h2>Tickets<\/h2>\t\t\t\t\t\t<\/div>\n\t\t\t\t<\/div>\n\t\t\t\t\t<\/div>\n\t\t<\/div>\n\t\t\t\t<div class=\"elementor-column elementor-col-66 elementor-top-column elementor-element elementor-element-0823254\" data-id=\"0823254\" data-element_type=\"column\">\n\t\t\t<div class=\"elementor-widget-wrap elementor-element-populated\">\n\t\t\t\t\t\t<div class=\"elementor-element elementor-element-8701c8b elementor-align-center elementor-widget elementor-widget-button\" data-id=\"8701c8b\" data-element_type=\"widget\" data-widget_type=\"button.default\">\n\t\t\t\t<div class=\"elementor-widget-container\">\n\t\t\t\t\t<div class=\"elementor-button-wrapper\">\n\t\t\t<a class=\"elementor-button elementor-button-link elementor-size-lg\" href=\"https:\/\/www.event.chateaudechimay.be\/shop\/concert-de-noel-17-12-2022-vlaams-radiokoor-3876?category=1#attr=285\">\n\t\t\t\t\t\t<span class=\"elementor-button-content-wrapper\">\n\t\t\t\t\t\t<span class=\"elementor-button-text\">Online<\/span>\n\t\t<\/span>\n\t\t\t\t\t<\/a>\n\t\t<\/div>\n\t\t\t\t<\/div>\n\t\t\t\t<\/div>\n\t\t\t\t\t<\/div>\n\t\t<\/div>\n\t\t\t\t\t<\/div>\n\t\t<\/section>\n\t\t\t\t<section class=\"elementor-section elementor-top-section elementor-element elementor-element-8c368f7 elementor-section-boxed elementor-section-height-default elementor-section-height-default\" data-id=\"8c368f7\" data-element_type=\"section\">\n\t\t\t\t\t\t<div class=\"elementor-container elementor-column-gap-default\">\n\t\t\t\t\t<div class=\"elementor-column elementor-col-100 elementor-top-column elementor-element elementor-element-3b743a3\" data-id=\"3b743a3\" data-element_type=\"column\">\n\t\t\t<div class=\"elementor-widget-wrap elementor-element-populated\">\n\t\t\t\t\t\t<div class=\"elementor-element elementor-element-1bced19 elementor-widget-divider--view-line elementor-widget elementor-widget-divider\" data-id=\"1bced19\" data-element_type=\"widget\" data-widget_type=\"divider.default\">\n\t\t\t\t<div class=\"elementor-widget-container\">\n\t\t\t\t\t<div class=\"elementor-divider\">\n\t\t\t<span class=\"elementor-divider-separator\">\n\t\t\t\t\t\t<\/span>\n\t\t<\/div>\n\t\t\t\t<\/div>\n\t\t\t\t<\/div>\n\t\t\t\t<div class=\"elementor-element elementor-element-682eef1 elementor-widget elementor-widget-image\" data-id=\"682eef1\" data-element_type=\"widget\" data-widget_type=\"image.default\">\n\t\t\t\t<div class=\"elementor-widget-container\">\n\t\t\t\t\t\t\t\t\t\t\t\t\t<img fetchpriority=\"high\" width=\"800\" height=\"397\" src=\"https:\/\/chateaudechimay.be\/nl\/wp-content\/uploads\/sites\/2\/2022\/10\/2019-radiokoor-rien-a-voir-@-flagey-c-wouter-van-vaerenbergh-66_ba70c53f73b486e4404b9862f59e6e07-1-1024x508-1.jpg\" class=\"attachment-large size-large wp-image-801\" alt=\"\" srcset=\"https:\/\/chateaudechimay.be\/nl\/wp-content\/uploads\/sites\/2\/2022\/10\/2019-radiokoor-rien-a-voir-@-flagey-c-wouter-van-vaerenbergh-66_ba70c53f73b486e4404b9862f59e6e07-1-1024x508-1.jpg 1024w, https:\/\/chateaudechimay.be\/nl\/wp-content\/uploads\/sites\/2\/2022\/10\/2019-radiokoor-rien-a-voir-@-flagey-c-wouter-van-vaerenbergh-66_ba70c53f73b486e4404b9862f59e6e07-1-1024x508-1-300x150.jpg 300w, https:\/\/chateaudechimay.be\/nl\/wp-content\/uploads\/sites\/2\/2022\/10\/2019-radiokoor-rien-a-voir-@-flagey-c-wouter-van-vaerenbergh-66_ba70c53f73b486e4404b9862f59e6e07-1-1024x508-1-768x381.jpg 768w\" sizes=\"(max-width: 800px) 100vw, 800px\" \/>\t\t\t\t\t\t\t\t\t\t\t\t\t<\/div>\n\t\t\t\t<\/div>\n\t\t\t\t<div class=\"elementor-element elementor-element-da3a277 elementor-widget elementor-widget-text-editor\" data-id=\"da3a277\" data-element_type=\"widget\" data-widget_type=\"text-editor.default\">\n\t\t\t\t<div class=\"elementor-widget-container\">\n\t\t\t\t\t\t\t<p>Het Vlaams Radiokoor werd in 1937 opgericht door het Nationaal Omroepinstituut (INR). De geschiedenis van het koor is onlosmakelijk verbonden met die van het Groot Symfonie-Orkest (nu Brussels Philharmonic), het orkest van dezelfde publieke omroep.<\/p><p>Na de oorlog bleven de werkzaamheden van het koor gericht op hedendaagse muziek, oude muziek, het grote repertoire en Vlaamse muziek, evenals de leiding van Paul Collaer. Het koor en het orkest zijn emblematische juwelen van het Nationaal Omroepinstituut en worden in binnen- en buitenland bejubeld.<\/p><p>Het koor werkte mee aan belangrijke wereldpremi\u00e8res zoals Francis Poulenc&#8217;s Figure humaine (1945) en Darius Milhaud&#8217;s Les Eum\u00e9nides (1949). Het voert ook Belgische werken uit, zoals het Agnus Dei van Robert Herberigs, de Icare van Marcel Poot en het Inferno van Norbert Rousseau.<\/p><p>Vic Nees dirigeerde het Radiokoor van 1970 tot zijn pensionering in 1996. Hij is zonder twijfel de grootste Vlaamse koorcomponist van zijn generatie. Hij introduceerde een nieuwe stijl met moderne technieken zoals vocale clusters, aleatoriek, fluisteren en gesproken refreinen. Onder zijn leiding bracht het koor ook werken van andere componisten zoals Karel Goeyvaerts, Frans Geysen, Andr\u00e9 Laporte en Peter Cabus.<\/p><p>In 1998 besloot de directie van de omroep het koor en het orkest te scheiden. Voor het eerst moesten deze ensembles onafhankelijk werken. De operatie was niet zonder risico&#8217;s, maar ondanks het turbulente begin slaagde het Vlaams Radiokoor erin zijn stempel te drukken op het koorlandschap. Aanvankelijk geprezen in Belgi\u00eb, kreeg het steeds meer erkenning in het buitenland.<\/p><p>Johan Duijck werd benoemd tot koordirigent van het Vlaams Radiokoor. Zijn taak was het koor om te vormen van een studiokoor tot een vocaal ensemble dat op het podium zou optreden. Het koor organiseerde voorzichtig een reeks concerten en zocht naar nieuwe samenwerkingsverbanden.<\/p><p>De Deense dirigent Bo Holten volgde Johan Duijck in 2008 op. In 2011 werd Herv\u00e9 Niquet aangesteld om de internationale reputatie en invloed van het koor te bevorderen. In 2019 zal Bart Van Reyn de muzikale leiding van het koor overnemen.<\/p><p>Vandaag is het Vlaams Radiokoor een betrouwbare speler op de Europese koorsc\u00e8ne. Gerenommeerde ensembles als Les Si\u00e8cles en het Koninklijk Concertgebouworkest Amsterdam werken met het koor samen. Vanaf het begin heeft het koor zich onderscheiden door zijn unieke flexibiliteit, zijn beheersing van een zeer breed repertoire en zijn pioniersrol bij het verkennen van nieuwe of ongebruikelijke stukken.<\/p>\t\t\t\t\t\t<\/div>\n\t\t\t\t<\/div>\n\t\t\t\t\t<\/div>\n\t\t<\/div>\n\t\t\t\t\t<\/div>\n\t\t<\/section>\n\t\t\t\t<section class=\"elementor-section elementor-top-section elementor-element elementor-element-2f81d6a elementor-section-boxed elementor-section-height-default elementor-section-height-default\" data-id=\"2f81d6a\" data-element_type=\"section\">\n\t\t\t\t\t\t<div class=\"elementor-container elementor-column-gap-default\">\n\t\t\t\t\t<div class=\"elementor-column elementor-col-33 elementor-top-column elementor-element elementor-element-cb80e21\" data-id=\"cb80e21\" data-element_type=\"column\">\n\t\t\t<div class=\"elementor-widget-wrap elementor-element-populated\">\n\t\t\t\t\t\t<div class=\"elementor-element elementor-element-c5eca0f elementor-widget elementor-widget-image\" data-id=\"c5eca0f\" data-element_type=\"widget\" data-widget_type=\"image.default\">\n\t\t\t\t<div class=\"elementor-widget-container\">\n\t\t\t\t\t\t\t\t\t\t\t\t\t<img width=\"800\" height=\"452\" src=\"https:\/\/chateaudechimay.be\/nl\/wp-content\/uploads\/sites\/2\/2022\/10\/Martina-Batic-c-Janez-Kotar-1024x579-1.jpg\" class=\"attachment-large size-large wp-image-813\" alt=\"\" srcset=\"https:\/\/chateaudechimay.be\/nl\/wp-content\/uploads\/sites\/2\/2022\/10\/Martina-Batic-c-Janez-Kotar-1024x579-1.jpg 1024w, https:\/\/chateaudechimay.be\/nl\/wp-content\/uploads\/sites\/2\/2022\/10\/Martina-Batic-c-Janez-Kotar-1024x579-1-300x170.jpg 300w, https:\/\/chateaudechimay.be\/nl\/wp-content\/uploads\/sites\/2\/2022\/10\/Martina-Batic-c-Janez-Kotar-1024x579-1-768x434.jpg 768w\" sizes=\"(max-width: 800px) 100vw, 800px\" \/>\t\t\t\t\t\t\t\t\t\t\t\t\t<\/div>\n\t\t\t\t<\/div>\n\t\t\t\t\t<\/div>\n\t\t<\/div>\n\t\t\t\t<div class=\"elementor-column elementor-col-66 elementor-top-column elementor-element elementor-element-62fc4d0\" data-id=\"62fc4d0\" data-element_type=\"column\">\n\t\t\t<div class=\"elementor-widget-wrap elementor-element-populated\">\n\t\t\t\t\t\t<div class=\"elementor-element elementor-element-cfca5fe elementor-widget elementor-widget-text-editor\" data-id=\"cfca5fe\" data-element_type=\"widget\" data-widget_type=\"text-editor.default\">\n\t\t\t\t<div class=\"elementor-widget-container\">\n\t\t\t\t\t\t\t<h3>Martina Bati\u010d, dirigent<\/h3><p><br \/>Sinds 1992 heeft Inge Spinette een dubbele carri\u00e8re als liedperformer en operatrainer in de Munt. Sinds datzelfde jaar is zij ook docente aan het KCB in Brussel.<br \/>Zij gaf talrijke recitals met gerenommeerde zangers als Jos\u00e9 van Dam, Jennifer Larmore, Sophie Koch, Franz-Josef Selig, Arttu Kataja, Katarina Gubanova, Nathan Berg, Ilse Eerens, Yves Saelens, Hendrickje Van Kerckhove, Thomas Blondelle, Lore Binon, Iwona Sobotka, Samuel Hasselhorn, Eva Za\u00efcik, op vele Belgische podia (Munt, Bozar, Flagey, de Singel, Concertgebouw Brugge), maar ook in het Concertgebouw in Amsterdam, de Musikverein in Wenen, de O. M.M.A &#8211; Athene, het Ch\u00e2telet &#8211; Parijs, de operahuizen van Lille en Lyon&#8230;<\/p>\t\t\t\t\t\t<\/div>\n\t\t\t\t<\/div>\n\t\t\t\t\t<\/div>\n\t\t<\/div>\n\t\t\t\t\t<\/div>\n\t\t<\/section>\n\t\t\t\t<section class=\"elementor-section elementor-top-section elementor-element elementor-element-b56ec0f elementor-section-boxed elementor-section-height-default elementor-section-height-default\" data-id=\"b56ec0f\" data-element_type=\"section\">\n\t\t\t\t\t\t<div class=\"elementor-container elementor-column-gap-default\">\n\t\t\t\t\t<div class=\"elementor-column elementor-col-100 elementor-top-column elementor-element elementor-element-9e3d2fc\" data-id=\"9e3d2fc\" data-element_type=\"column\">\n\t\t\t<div class=\"elementor-widget-wrap elementor-element-populated\">\n\t\t\t\t\t\t<div class=\"elementor-element elementor-element-568ed32 elementor-widget elementor-widget-text-editor\" data-id=\"568ed32\" data-element_type=\"widget\" data-widget_type=\"text-editor.default\">\n\t\t\t\t<div class=\"elementor-widget-container\">\n\t\t\t\t\t\t\t<p>Ze is regelmatig te horen op de radio bij Klara, Musique Trois en op buitenlandse zenders.<\/p><p>Ze begeleidt ook zangers bij internationale wedstrijden zoals de Koningin Elisabeth, Belvedere Wettbewerb &#8211; Wien, Voix Nouvelles en Honda Competition.<\/p><p><br \/>Zij wordt door veel critici zoals Diapason geprezen om haar subtiele en intelligente spel, waarin zij een volledige beheersing van de nuances van emotionele zuiverheid laat zien.<br \/>Ze behaalde haar Master Piano aan het Koninklijk Muziekconservatorium Brussel met grote onderscheiding.<br \/>Ze heeft ook twee postdoctorale diploma&#8217;s van de Guildhall School of Music and Drama, Barbican-Londen: een in Lied-Melodie en een in Opera. Haar leraren zijn Graham Johnson, Helmut Deutsch en Irwin Gage.<\/p>\t\t\t\t\t\t<\/div>\n\t\t\t\t<\/div>\n\t\t\t\t\t<\/div>\n\t\t<\/div>\n\t\t\t\t\t<\/div>\n\t\t<\/section>\n\t\t\t\t<\/div>\n\t\t","protected":false},"excerpt":{"rendered":"<p>In het kader van de kerstmarkt van Chimay Christmas Songs Vlaams Radiokoor, Martina Bati\u010d Na een gat van twee jaar&#8230; zijn we terug met ons traditionele kerstconcert. Deze keer is &#8230;<\/p>\n","protected":false},"author":2,"featured_media":811,"comment_status":"closed","ping_status":"closed","sticky":false,"template":"","format":"standard","meta":{"_mi_skip_tracking":false},"categories":[6],"tags":[],"yoast_head":"<!-- This site is optimized with the Yoast SEO Premium plugin v20.2.1 (Yoast SEO v20.2.1) - https:\/\/yoast.com\/wordpress\/plugins\/seo\/ -->\n<title>Kerstconcert - Vlaams Radiokoor zaterdag 17 december 2022 om 19.30 uur - Het Kasteel van Chimay<\/title>\n<meta name=\"robots\" content=\"index, follow, max-snippet:-1, max-image-preview:large, max-video-preview:-1\" \/>\n<link rel=\"canonical\" href=\"https:\/\/chateaudechimay.be\/nl\/kerstconcert-vlaams-radiokoor-zaterdag-17-december-2022-om-19-30-uur\/\" \/>\n<meta property=\"og:locale\" content=\"fr_FR\" \/>\n<meta property=\"og:type\" content=\"article\" \/>\n<meta property=\"og:title\" content=\"Kerstconcert - Vlaams Radiokoor zaterdag 17 december 2022 om 19.30 uur\" \/>\n<meta property=\"og:description\" content=\"In het kader van de kerstmarkt van Chimay Christmas Songs Vlaams Radiokoor, Martina Bati\u010d Na een gat van twee jaar&#8230; zijn we terug met ons traditionele kerstconcert. Deze keer is ...\" \/>\n<meta property=\"og:url\" content=\"https:\/\/chateaudechimay.be\/nl\/kerstconcert-vlaams-radiokoor-zaterdag-17-december-2022-om-19-30-uur\/\" \/>\n<meta property=\"og:site_name\" content=\"Het Kasteel van Chimay\" \/>\n<meta property=\"article:published_time\" content=\"2022-10-27T09:35:48+00:00\" \/>\n<meta property=\"article:modified_time\" content=\"2023-05-31T07:49:21+00:00\" \/>\n<meta property=\"og:image\" content=\"https:\/\/chateaudechimay.be\/nl\/wp-content\/uploads\/sites\/2\/2022\/10\/vlaams-radiokoor.jpg\" \/>\n\t<meta property=\"og:image:width\" content=\"454\" \/>\n\t<meta property=\"og:image:height\" content=\"335\" \/>\n\t<meta property=\"og:image:type\" content=\"image\/jpeg\" \/>\n<meta name=\"author\" content=\"Anne Herno\u00eb\" \/>\n<meta name=\"twitter:card\" content=\"summary_large_image\" \/>\n<meta name=\"twitter:label1\" content=\"\u00c9crit par\" \/>\n\t<meta name=\"twitter:data1\" content=\"Anne Herno\u00eb\" \/>\n\t<meta name=\"twitter:label2\" content=\"Dur\u00e9e de lecture estim\u00e9e\" \/>\n\t<meta name=\"twitter:data2\" content=\"5 minutes\" \/>\n<script type=\"application\/ld+json\" class=\"yoast-schema-graph\">{\"@context\":\"https:\/\/schema.org\",\"@graph\":[{\"@type\":\"WebPage\",\"@id\":\"https:\/\/chateaudechimay.be\/nl\/kerstconcert-vlaams-radiokoor-zaterdag-17-december-2022-om-19-30-uur\/\",\"url\":\"https:\/\/chateaudechimay.be\/nl\/kerstconcert-vlaams-radiokoor-zaterdag-17-december-2022-om-19-30-uur\/\",\"name\":\"Kerstconcert - Vlaams Radiokoor zaterdag 17 december 2022 om 19.30 uur - Het Kasteel van Chimay\",\"isPartOf\":{\"@id\":\"https:\/\/chateaudechimay.be\/nl\/#website\"},\"datePublished\":\"2022-10-27T09:35:48+00:00\",\"dateModified\":\"2023-05-31T07:49:21+00:00\",\"author\":{\"@id\":\"https:\/\/chateaudechimay.be\/nl\/#\/schema\/person\/5af035222b502fbae66cded4e925abfa\"},\"breadcrumb\":{\"@id\":\"https:\/\/chateaudechimay.be\/nl\/kerstconcert-vlaams-radiokoor-zaterdag-17-december-2022-om-19-30-uur\/#breadcrumb\"},\"inLanguage\":\"fr-FR\",\"potentialAction\":[{\"@type\":\"ReadAction\",\"target\":[\"https:\/\/chateaudechimay.be\/nl\/kerstconcert-vlaams-radiokoor-zaterdag-17-december-2022-om-19-30-uur\/\"]}]},{\"@type\":\"BreadcrumbList\",\"@id\":\"https:\/\/chateaudechimay.be\/nl\/kerstconcert-vlaams-radiokoor-zaterdag-17-december-2022-om-19-30-uur\/#breadcrumb\",\"itemListElement\":[{\"@type\":\"ListItem\",\"position\":1,\"name\":\"Accueil\",\"item\":\"https:\/\/chateaudechimay.be\/nl\/\"},{\"@type\":\"ListItem\",\"position\":2,\"name\":\"Kerstconcert &#8211; Vlaams Radiokoor zaterdag 17 december 2022 om 19.30 uur\"}]},{\"@type\":\"WebSite\",\"@id\":\"https:\/\/chateaudechimay.be\/nl\/#website\",\"url\":\"https:\/\/chateaudechimay.be\/nl\/\",\"name\":\"Het Kasteel van Chimay\",\"description\":\"Ontdek geschiedenis van het Kasteel van Chimay\",\"potentialAction\":[{\"@type\":\"SearchAction\",\"target\":{\"@type\":\"EntryPoint\",\"urlTemplate\":\"https:\/\/chateaudechimay.be\/nl\/?s={search_term_string}\"},\"query-input\":\"required name=search_term_string\"}],\"inLanguage\":\"fr-FR\"},{\"@type\":\"Person\",\"@id\":\"https:\/\/chateaudechimay.be\/nl\/#\/schema\/person\/5af035222b502fbae66cded4e925abfa\",\"name\":\"Anne Herno\u00eb\",\"image\":{\"@type\":\"ImageObject\",\"inLanguage\":\"fr-FR\",\"@id\":\"https:\/\/chateaudechimay.be\/nl\/#\/schema\/person\/image\/\",\"url\":\"https:\/\/secure.gravatar.com\/avatar\/1cad7cab5e51db0d77ddc60cfd9a5e7c?s=96&d=mm&r=g\",\"contentUrl\":\"https:\/\/secure.gravatar.com\/avatar\/1cad7cab5e51db0d77ddc60cfd9a5e7c?s=96&d=mm&r=g\",\"caption\":\"Anne Herno\u00eb\"},\"url\":\"https:\/\/chateaudechimay.be\/nl\/author\/anneh\/\"}]}<\/script>\n<!-- \/ Yoast SEO Premium plugin. -->","yoast_head_json":{"title":"Kerstconcert - Vlaams Radiokoor zaterdag 17 december 2022 om 19.30 uur - Het Kasteel van Chimay","robots":{"index":"index","follow":"follow","max-snippet":"max-snippet:-1","max-image-preview":"max-image-preview:large","max-video-preview":"max-video-preview:-1"},"canonical":"https:\/\/chateaudechimay.be\/nl\/kerstconcert-vlaams-radiokoor-zaterdag-17-december-2022-om-19-30-uur\/","og_locale":"fr_FR","og_type":"article","og_title":"Kerstconcert - Vlaams Radiokoor zaterdag 17 december 2022 om 19.30 uur","og_description":"In het kader van de kerstmarkt van Chimay Christmas Songs Vlaams Radiokoor, Martina Bati\u010d Na een gat van twee jaar&#8230; zijn we terug met ons traditionele kerstconcert. Deze keer is ...","og_url":"https:\/\/chateaudechimay.be\/nl\/kerstconcert-vlaams-radiokoor-zaterdag-17-december-2022-om-19-30-uur\/","og_site_name":"Het Kasteel van Chimay","article_published_time":"2022-10-27T09:35:48+00:00","article_modified_time":"2023-05-31T07:49:21+00:00","og_image":[{"width":454,"height":335,"url":"https:\/\/chateaudechimay.be\/nl\/wp-content\/uploads\/sites\/2\/2022\/10\/vlaams-radiokoor.jpg","type":"image\/jpeg"}],"author":"Anne Herno\u00eb","twitter_card":"summary_large_image","twitter_misc":{"\u00c9crit par":"Anne Herno\u00eb","Dur\u00e9e de lecture estim\u00e9e":"5 minutes"},"schema":{"@context":"https:\/\/schema.org","@graph":[{"@type":"WebPage","@id":"https:\/\/chateaudechimay.be\/nl\/kerstconcert-vlaams-radiokoor-zaterdag-17-december-2022-om-19-30-uur\/","url":"https:\/\/chateaudechimay.be\/nl\/kerstconcert-vlaams-radiokoor-zaterdag-17-december-2022-om-19-30-uur\/","name":"Kerstconcert - Vlaams Radiokoor zaterdag 17 december 2022 om 19.30 uur - Het Kasteel van Chimay","isPartOf":{"@id":"https:\/\/chateaudechimay.be\/nl\/#website"},"datePublished":"2022-10-27T09:35:48+00:00","dateModified":"2023-05-31T07:49:21+00:00","author":{"@id":"https:\/\/chateaudechimay.be\/nl\/#\/schema\/person\/5af035222b502fbae66cded4e925abfa"},"breadcrumb":{"@id":"https:\/\/chateaudechimay.be\/nl\/kerstconcert-vlaams-radiokoor-zaterdag-17-december-2022-om-19-30-uur\/#breadcrumb"},"inLanguage":"fr-FR","potentialAction":[{"@type":"ReadAction","target":["https:\/\/chateaudechimay.be\/nl\/kerstconcert-vlaams-radiokoor-zaterdag-17-december-2022-om-19-30-uur\/"]}]},{"@type":"BreadcrumbList","@id":"https:\/\/chateaudechimay.be\/nl\/kerstconcert-vlaams-radiokoor-zaterdag-17-december-2022-om-19-30-uur\/#breadcrumb","itemListElement":[{"@type":"ListItem","position":1,"name":"Accueil","item":"https:\/\/chateaudechimay.be\/nl\/"},{"@type":"ListItem","position":2,"name":"Kerstconcert &#8211; Vlaams Radiokoor zaterdag 17 december 2022 om 19.30 uur"}]},{"@type":"WebSite","@id":"https:\/\/chateaudechimay.be\/nl\/#website","url":"https:\/\/chateaudechimay.be\/nl\/","name":"Het Kasteel van Chimay","description":"Ontdek geschiedenis van het Kasteel van Chimay","potentialAction":[{"@type":"SearchAction","target":{"@type":"EntryPoint","urlTemplate":"https:\/\/chateaudechimay.be\/nl\/?s={search_term_string}"},"query-input":"required name=search_term_string"}],"inLanguage":"fr-FR"},{"@type":"Person","@id":"https:\/\/chateaudechimay.be\/nl\/#\/schema\/person\/5af035222b502fbae66cded4e925abfa","name":"Anne Herno\u00eb","image":{"@type":"ImageObject","inLanguage":"fr-FR","@id":"https:\/\/chateaudechimay.be\/nl\/#\/schema\/person\/image\/","url":"https:\/\/secure.gravatar.com\/avatar\/1cad7cab5e51db0d77ddc60cfd9a5e7c?s=96&d=mm&r=g","contentUrl":"https:\/\/secure.gravatar.com\/avatar\/1cad7cab5e51db0d77ddc60cfd9a5e7c?s=96&d=mm&r=g","caption":"Anne Herno\u00eb"},"url":"https:\/\/chateaudechimay.be\/nl\/author\/anneh\/"}]}},"_links":{"self":[{"href":"https:\/\/chateaudechimay.be\/nl\/wp-json\/wp\/v2\/posts\/810"}],"collection":[{"href":"https:\/\/chateaudechimay.be\/nl\/wp-json\/wp\/v2\/posts"}],"about":[{"href":"https:\/\/chateaudechimay.be\/nl\/wp-json\/wp\/v2\/types\/post"}],"author":[{"embeddable":true,"href":"https:\/\/chateaudechimay.be\/nl\/wp-json\/wp\/v2\/users\/2"}],"replies":[{"embeddable":true,"href":"https:\/\/chateaudechimay.be\/nl\/wp-json\/wp\/v2\/comments?post=810"}],"version-history":[{"count":5,"href":"https:\/\/chateaudechimay.be\/nl\/wp-json\/wp\/v2\/posts\/810\/revisions"}],"predecessor-version":[{"id":817,"href":"https:\/\/chateaudechimay.be\/nl\/wp-json\/wp\/v2\/posts\/810\/revisions\/817"}],"wp:featuredmedia":[{"embeddable":true,"href":"https:\/\/chateaudechimay.be\/nl\/wp-json\/wp\/v2\/media\/811"}],"wp:attachment":[{"href":"https:\/\/chateaudechimay.be\/nl\/wp-json\/wp\/v2\/media?parent=810"}],"wp:term":[{"taxonomy":"category","embeddable":true,"href":"https:\/\/chateaudechimay.be\/nl\/wp-json\/wp\/v2\/categories?post=810"},{"taxonomy":"post_tag","embeddable":true,"href":"https:\/\/chateaudechimay.be\/nl\/wp-json\/wp\/v2\/tags?post=810"}],"curies":[{"name":"wp","href":"https:\/\/api.w.org\/{rel}","templated":true}]}}