{"id":847,"date":"2022-10-27T12:22:00","date_gmt":"2022-10-27T10:22:00","guid":{"rendered":"https:\/\/chateaudechimay.be\/nl\/printemps-des-voix-samedi-08-avril-2023-a-19h30-masterclass-dopera\/"},"modified":"2023-05-31T09:49:09","modified_gmt":"2023-05-31T07:49:09","slug":"lente-stemmen-masterclass-opera","status":"publish","type":"post","link":"https:\/\/chateaudechimay.be\/nl\/lente-stemmen-masterclass-opera\/","title":{"rendered":"Printemps des Voix Zaterdag 8 april 2023 19u30 &#8211; masterclass opera"},"content":{"rendered":"\n<h2>Opera aria&#8217;s<\/h2>\n\n\n\n<p>Na deelname aan de <a href=\"https:\/\/chateaudechimay.be\/nl\/cultureel-seizoen\/\">Masterclass Opera<\/a> onder leiding van sopraan Christine Schweitzer en pianist Florent Lattuga voeren jonge operazangers verschillende aria&#8217;s uit van H\u00e4ndel, Mozart, Rossini, Donizetti en Verdi&#8230;<\/p>\n\n\n\n<h3>Masterclass opera<\/h3>\n\n\n\n<p>Deze operamasterclass is bedoeld voor zowel operakunstenaars die al carri\u00e8re maken als toekomstige professionals die hun rollen willen voorbereiden of hun auditie- en wedstrijdrepertoire willen perfectioneren. Ze wordt geleid door Christine Schweitzer, sopraan en zangdocent, en Florent Lattuga, pianobegeleider.<\/p>\n\n\n\n<p>U kunt operawerken van alle stijlen presenteren en in het bijzonder uw interpretatie van de Italiaanse opera verdiepen dankzij mijn bijzondere ervaring op dit gebied.<\/p>\n\n\n\n<p>In de specifieke oefening van de opera masterclass profiteert elke zanger van de individuele dagelijkse training maar ook van de luistertijd van de andere zangers en het advies dat hen wordt gegeven. De luistertijd is een belangrijk onderdeel van de masterclass, waar de deelnemers vertrouwd raken met de algemene inhoud van het onderwijs van de docent en met de stemmen van de andere zangers (andere tessituren, andere repertoires&#8230;).<\/p>\n\n\n\n<p>Er zullen ongeveer zes zangers zijn (zie hieronder voor de organisatie van het vocale werk). Dit relatief kleine aantal deelnemers maakt het mogelijk om dieper in te gaan op vocale en interpretatiekwesties.<\/p>\n\n\n\n<p>Voor meer informatie over de organisatie van de Masterclass&nbsp;: <a href=\"https:\/\/www.arteliricaparis.com\/historique-masterclasses-schweitzer\">https:\/\/www.arteliricaparis.com\/historique-masterclasses-schweitzer<\/a><\/p>\n\n\n\n<h2>Programma&nbsp;<\/h2>\n\n\n\n<h2>Tarieven<\/h2>\n\n\n\n<ul><li>32\u20ac\/volwassene<\/li><li>30\u20ac\/senior (+60 jaar)<\/li><li>15\u20ac\/jeugd (-25 jaar)<\/li><\/ul>\n\n\n\n<h2>Tickets<\/h2>\n\n\n\n<p><a role=\"button\" href=\"https:\/\/www.event.chateaudechimay.be\/shop\/concert-8-4-2023-printemps-des-voix-3877?category=1#attr=289\">Online tickets<\/a><\/p>\n\n\n\n<h3>&nbsp;<\/h3>\n\n\n\n<h3>Praktische informatie :<\/h3>\n\n\n\n<p>Opening van de deuren van het kasteel om 18.30 uur.<br><strong>Het concert begint om 19.30 uur precies<\/strong><\/p>\n\n\n\n<p>Voor uw gemak bieden wij u zelfgemaakte broodjes aan met biologische en\/of lokale producten. <strong>Bestellingen kunnen ten laatste op de vrijdag (voor het concert) om 16u geplaatst worden.<\/strong><\/p>\n\n\n\n<p>3 soorten worden u voorgesteld:<\/p>\n\n\n\n<p>Ham, vijg, rucola, boter<br>Schapenkaas, honing, noten, rucola, boter<br>Chimay pat\u00e9, augurk, rucola, boter<\/p>\n\n\n\n<p><span style=\"color: #333333; font-family: Raleway, Helvetica, Arial, sans-serif; font-size: 2rem; font-weight: 600;\">Leraren&nbsp;<\/span><\/p>\n\n\n\n<figure class=\"wp-block-image\"><img src=\"https:\/\/chateaudechimay.be\/wp-content\/uploads\/2019\/11\/Christine-Schweitzer-090-Alex.png\" alt=\"Christine Schweitzer\"\/><\/figure>\n\n\n\n<h3>Christine Schweitzer, sopraan<\/h3>\n\n\n\n<p>Christine Schweitzer heeft carri\u00e8re gemaakt als dramatische sopraan in het romantische operarepertoire, met name Verdiaans en Wagneriaans, alsmede in het concert- en oratoriumrepertoire. Zij is een trouwe erfgenaam van de lessen van Maestro Gino Bechi, die zij negen jaar lang volgde, en meer recentelijk bereidde zij haar Italiaanse rollen voor bij Leyla Gencer aan La Scala in Milaan.<\/p>\n\n\n\n<p>Haar operacarri\u00e8re bracht haar naar grote podia als het Th\u00e9\u00e2tre des Champs-Elys\u00e9es, de Op\u00e9ra de Marseille en de Op\u00e9ra d&#8217;Anvers, in de rollen van Agathe in Weber&#8217;s Freisch\u00fctz en Gerhilde in Verdi&#8217;s Lady Macbeth, onder leiding van prestigieuze dirigenten als Alain Lombard, Serge Baudo en Fr\u00e9d\u00e9ric Chaslin. Zij heeft talloze malen de sopraan solo in het Requiem van Verdi vertolkt en verschillende operarecitals gewijd aan Verdiaanse en Verista-muziek gegeven.<\/p>\n\n\n\n<p>Vandaag de dag zet Christine Schweitzer zich in om haar kunst over te dragen aan jonge operatalenten. Haar ervaring op het toneel en haar gepassioneerde studie van de kunst en het discours van de grote Italiaanse kunstenaars hebben haar tot een van de bewaarders van de tradities van interpretatie van belcanto en Verdiaanse muziek gemaakt.<\/p>\n\n\n\n<p>Zij wordt regelmatig uitgenodigd om masterclasses te geven aan conservatoria (Musikhochschule van Wenen, Parijs, Nice&#8230;) en aan het Centre de Musique Baroque de Versailles. Zij is de vocale adviseur van verschillende grote operapersoonlijkheden, zoals gedurende negen jaar voor Natalie Dessay, en ontwikkelt nu een internationale activiteit van masterclasses in het kader van de structuur Arte Lirica Paris.<\/p>\n\n\n\n<h3>Florent Lattuga, pianiste accompagnateur<\/h3>\n\n\n\n<p>Florent Lattuga begon zijn piano-opleiding in Provins, waar hij al snel een Prix d&#8217;Excellence van de regio Ile-de-France behaalde. Hij ging naar het Conservatoire Hector Berlioz in Parijs waar hij in 2008 een DEM behaalde.\u00a0<\/p>\n\n\n\n<p>In 2010 behaalde hij een Bachelor of Music in 2012, gevolgd door een Master of Interpretation waarvoor hij het hoogste cijfer kreeg, en de prijs voor het beste Master-recital.<\/p>\n\n\n\n<figure class=\"wp-block-image\"><img src=\"https:\/\/chateaudechimay.be\/wp-content\/uploads\/2022\/10\/Florent-Lattuga-1024x685.png\" alt=\"\"\/><\/figure>\n\n\n\n<p>Als winnaar van internationale wedstrijden (Marienbad, Scriabin Concours) treedt hij op als solist in de Poolse Bibliotheek in Parijs, in de Basilique Ste-Clothilde in Parijs, in Blois voor de vereniging ter bevordering van jonge solisten &#8220;Gerbert d&#8217;Aurillac&#8221;, in het Casino in Evian, maar ook in Portugal (Porto, Cortes de Cima), in de aula van de Universiteit van Freiburg, of in Brazili\u00eb.<\/p>\n\n\n\n<p>Sinds 2014 legt hij zich toe op het vocale repertoire. In 2016 behaalde hij een Master in Accompaniment en een prijs voor uitmuntende resultaten.<\/p>\n\n\n\n<p>Hij begeleidde enkele jaren de Parijse cabaretavonden van de vereniging &#8220;Chansons de France&#8221; en schreef mee aan een voorstelling gebaseerd op Boris Vian, &#8220;l&#8217;\u00e9vad\u00e9 Vian&#8221;, die tot 2012 in Parijs en de regio Centre werd opgevoerd.<\/p>\n\n\n\n<p>Dankzij deze ervaring met ge\u00efmproviseerde muziek werkt hij sinds 2018 regelmatig samen met de groep Comiqu&#8217;Op\u00e9ra, die lyrische kunst in nieuwe en originele vormen promoot. In 2018 nam hij de rol van pianist op zich bij &#8220;L&#8217; Op\u00e9ra dans Tous ses \u00c9tats&#8221; en meer recent werkte hij mee aan de creatie van de voorstelling &#8220;Encore une Fois&#8221; die sinds 2020 op vele plaatsen in Franstalig Zwitserland en in het Funambule theater in Parijs wordt opgevoerd.<\/p>\n\n\n\n<h2>Studenten<\/h2>\n\n\n\n<p>&#8211; Alexandre <strong>Artemenko<\/strong>, baryton<\/p>\n\n\n\n<p>&#8211; Faustine <strong>Picco<\/strong>, sopraan<\/p>\n\n\n\n<p>&#8211; Blaise <strong>Rantoanina<\/strong>, tenor<\/p>\n\n\n\n<p>&#8211; Sarah <strong>Rodriguez<\/strong>, sopraan<\/p>\n\n\n\n<p>&#8211; Analia <strong>Telega<\/strong>, mezzosopraan<\/p>\n\n\n\n<p>&#8211; Hortense <strong>Venot<\/strong>, sopraan<\/p>\n\n\n\n<h3>Alexandre Artemenko, baryton<\/h3>\n\n\n\n<figure class=\"wp-block-image\"><img src=\"https:\/\/chateaudechimay.be\/wp-content\/uploads\/2022\/10\/Capture-de\u0301cran-2023-02-22-a\u0300-10.41.01-300x260.png\" alt=\"Alexandre Artemenko\"\/><\/figure>\n\n\n\n<p>Alexandre Artemenko, geboren in 1987, studeerde viool tot het einde van zijn adolescentie. Tegelijkertijd liet de theaterpraktijk hem de wereld van het acteren en het toneel zien, en het was niet meer dan normaal dat hij met operazang begon.<\/p>\n\n\n\n<p>I<\/p>\n\n\n\n<p>Hij werd toegelaten tot het Conservatorium van Parijs in 2006. Zijn koorpraktijk stelde hem in staat te werken onder leiding van dirigenten als Laurence Equilbey, Geoffroy Jourdain, John Nelson en Philippe Herreweghe. Hij zong ook voor het Jeune Choeur de Paris in de Chapelle Royale in Versailles en in het Auditorium van het Mus\u00e9e d&#8217;Orsay. Vervolgens perfectioneerde hij zijn operapraktijk met zangers als Udo Reinemann, Jean-Pierre Furlan, Gabriel Bacquier en Christine Schweitzer. Na zijn afstuderen aan het Conservatorium met unanieme felicitaties van de jury, maakte hij zijn professionele debuut bij de Fabrique Op\u00e9ra de Marseille in de rol van Papageno in De Toverfluit, en in 2013 sloot hij zich aan bij de jonge professionele solistenworkshop van het operagezelschap Opera Fuoco, gecre\u00eberd en gedirigeerd door David Stern.<br>Alexandre Artemenko nam deel aan het Musica Nigella Festival en het Shanghai Baroque Music Festival, dat H\u00e4ndels Giulio Cesare (Achilla) en Alcina (Melisso) presenteerde in de Shanghai Symphony Hall (China).<br>In 2021 zingt Alexandre voor het Ensemble Sequentiae de rol van Elias in het gelijknamige oratorium van Felix Mendelssohn, (Th\u00e9\u00e2tre de Dreux, Eglise de Saint-Germain-en-Laye, Basilique Sainte Clothilde in Parijs, Basilique Saint-Julien in Tours). Hij zingt ook Mozarts Grote Mis in C als solist met hetzelfde ensemble. Momenteel bereidt hij de rol van Escamillo in Carmen en de rol van Guglielmo in Cos\u00ec fan tutte voor.<\/p>\n\n\n\n<p><a href=\"https:\/\/alexandreartemenko.com\/biographie\/\">Meer lezen<\/a><\/p>\n\n\n\n<h3>Faustine Picco, soprano<\/h3>\n\n\n\n<p>Faustine Picco ontdekte de muziek op 5-jarige leeftijd toen ze blokfluit begon te spelen; ze begon piano te spelen op 8-jarige leeftijd en op 10-jarige leeftijd werd ze lid van de Ma\u00eetrise des Maisons d&#8217;Education de la L\u00e9gion d&#8217;Honneur, waar ze later soliste werd.<\/p>\n\n\n\n<p>Na haar studies aan het CRR van Boulogne-Billancourt in de blokfluitklas van Michelle Tellier, sloot ze zich aan bij de lyrische zangklas van Jacqueline Bonnardot en Bruno Gousset aan de Schola Cantorum van Parijs. In 2016 behaalde Faustine haar DEM in operazang aan het CRR van Versailles, in 2017 het Superior Diploma in operazang en kamermuziek aan de Schola Cantorum en in 2018 het Concert Diploma in operazang en kamermuziek aan de Schola Cantorum. Ze is te zien in verschillende producties van de gezelschappen l&#8217;\u00c9trange Boutique (Fairy Queen, Marie in Le Reniement de Saint Pierre van Michel Bosc), Divinopera (Louise in Les Mousquetaires au Couvent, Gabrielle in La Vie Parisienne), Op\u00e9rapproche (Mica\u00ebla in Carmen), VociHarmonie (Lavina in Mozarts L&#8217;Oca del Cairo) of als deel van het ensemble R\u00e9s\u00f8nance(s).<\/p>\n\n\n\n<figure class=\"wp-block-image\"><img src=\"https:\/\/chateaudechimay.be\/wp-content\/uploads\/2022\/01\/Photo-Faustine-Picco.jpg\" alt=\"Faustine Picco\"\/><\/figure>\n\n\n\n<p><\/p>\n\n\n\n<p><\/p>\n\n\n\n<h3>Blaise <strong>Rantoanina<\/strong>, t\u00e9nor<\/h3>\n\n\n\n<figure class=\"wp-block-image\"><img src=\"https:\/\/chateaudechimay.be\/wp-content\/uploads\/2022\/10\/Blaise-Rantoanina-1280x640-1.jpg\" alt=\"Blaise-Rantoanina\"\/><\/figure>\n\n\n\n<p><\/p>\n\n\n\n<p>Blaise Rantoanina ontdekte het klassieke repertoire in een van de zeldzame koren die het in Madagaskar aanbieden. Opgeleid als zanger in de klas van Holy Razafindrazaka aan het Centre d&#8217;\u00c9ducation Musicale Laka in Antananarivo, bleek hij bijzonder getalenteerd en zijn leraren moedigden hem aan om zijn vaardigheden te perfectioneren in Parijs, waar hij zich aansloot bij de klas van Pierre Catala aan het Conservatoire Francis-Poulenc in het 16e arrondissement, waar hij in 2012 afstudeerde met een diploma muziekstudies zang. Vervolgens werd hij toegelaten tot de zangafdeling van het Conservatoire National Sup\u00e9rieur de Musique et de Danse de Paris, waar hij studeerde bij Marcel Boone en in 2017 een masterdiploma behaalde. Tijdens zijn studie aan het CNSMDP nam hij deel aan verschillende producties onder leiding van gerenommeerde dirigenten als David Reiland en Patrick Davin. In 2016 was hij een Klassieke Openbaring van de ADAMI en werd hij uitgenodigd om op te treden tijdens de Chor\u00e9gies d&#8217;Orange met de andere laureaten van de wedstrijd.Hij zingt de rol van Paolino in Il matrimonio segreto van Cimarosa aan het CNSMDP, een coproductie met de Philharmonie de Paris in een regie van Julien Lubek en C\u00e9cile Roussat (2017). Tijdens het seizoen 2017-2018 zingt Blaise de rol van Belmonte in L&#8217;Enl\u00e8vement au S\u00e9rail, geregisseerd door Emmanuelle Cordoliani en in premi\u00e8re gegaan in de Op\u00e9ra-Th\u00e9\u00e2tre de Clermont-Ferrand onder leiding van Roberto For\u00e9s Veses, vervolgens opgevoerd in de Op\u00e9ra Grand-Avignon, de Op\u00e9ra de Rouen-Normandie, de Op\u00e9ra de Massy en de Op\u00e9ra de Reims. Van 2018 tot 2021 vervolgt hij zijn carri\u00e8re in Duitsland bij het Theater van Trier, waar hij de rollen van Don Ottavio in Mozarts Don Giovanni, Fenton in Otto Nicolai&#8217;s Die Lustigen Weiber von Windsor, de Braziliaan in Jacques Offenbachs La Vie Parisienne, Nerone in Monteverdi&#8217;s L&#8217;Incoronazione di Poppea en Graaf Almaviva in Rossini&#8217;s Barbier van Sevilla vertolkt, allemaal onder leiding van Jochem Hochstenbach. Tijdens het seizoen 2021-2022 neemt hij de rol van M\u00e9dor op zich in Herv\u00e9&#8217;s Les chevaliers de la Table Ronde in de Op\u00e9ra d&#8217;Avignon, waarna hij wordt gecast in Le Malade Imaginaire van Moli\u00e8re en Charpentier in de Op\u00e9ra de Massy met het Concert Spirituel onder leiding van Herv\u00e9 Niquet. Een van zijn toekomstige projecten is Ferrando in Cos\u00ec fan tutte bij de Op\u00e9ra Eclat\u00e9, Albazar in De Turk in Itali\u00eb bij de Op\u00e9ra d&#8217;Avignon en hij zal te zien zijn in De Toverfluit van Mozart bij het Th\u00e9\u00e2tre des Champs-Elys\u00e9es.<\/p>\n\n\n\n<p><\/p>\n\n\n\n<h3>Sarah <strong>Rodriguez<\/strong>, sopraan<\/h3>\n\n\n\n<p>Na te zijn opgegroeid in de meesterklas van de Opera van Gen\u00e8ve, behaalde Sarah Rodriguez haar prijs in zang en lyriek aan het CRR van Perpignan. Ze behaalde een diploma muziekwetenschappen en een universitair diploma zangpedagogie aan de universiteit van Toulouse, en ging vervolgens naar het Centre de Musique Baroque de Versailles. Gedurende haar hele carri\u00e8re heeft zij verschillende repertoires uitgevoerd, waaronder de grote werken van het barokrepertoire met gerenommeerde ensembles als Les Ombres, Les Talents lyriques, Les Folies Fran\u00e7aises, Le Banquet C\u00e9leste en heeft zij les gehad van operakunstenaars als Isabelle Poulenard, Josep Cabr\u00e9 en momenteel van St\u00e9phanie d&#8217;Oustrac en Olga Pitarch aan de Pont Sup\u00e9rieur de Bretagne, waar zij momenteel gevestigd is, terwijl zij haar activiteiten in Frankrijk en in het buitenland voortzet.<\/p>\n\n\n\n<figure class=\"wp-block-image\"><img src=\"https:\/\/chateaudechimay.be\/wp-content\/uploads\/2022\/10\/Rodriguez-5-886x1024.jpg\" alt=\"\"\/><\/figure>\n\n\n\n<p><\/p>\n\n\n\n<p><\/p>\n\n\n\n<p><\/p>\n\n\n\n<h3>Analia <strong>Telega<\/strong>, mezzosopraan<\/h3>\n\n\n\n<figure class=\"wp-block-image\"><img src=\"https:\/\/chateaudechimay.be\/wp-content\/uploads\/2022\/10\/Analia-Telega.jpeg\" alt=\"Analia T\u00e9l\u00e9ga\"\/><\/figure>\n\n\n\n<p>Dipl\u00f4m\u00e9e du Conservatoire Royal de Li\u00e8ge (Belgique), laur\u00e9ate de la Fondation Royaumont et Titulaire d\u2019un Master II de Rechercher LLCE Italien en Sorbonne-Nouvelle Paris III, Analia T\u00e9l\u00e9ga a \u00e9t\u00e9 s\u00e9lectionn\u00e9e dans de nombreux concours internationaux tels Francisco Vinas \u00e0 Barcelone (Espagne), le Shizuoka International Opera Competition \u00e0 Hamamatsu (Japon), etc\u2026 Soprano, elle aborde r\u00e9guli\u00e8rement des r\u00f4les dramatiques sous la direction de metteurs en sc\u00e8ne issus du th\u00e9\u00e2tre (Arthur Nauzyciel au Th\u00e9\u00e2tre National de Bretagne, Rapha\u00ebl Haberberg \u00e0 La Sc\u00e8ne en Essonne, Ulysse di Gregorio au TOPF Silvia Montfort, Antoine Juliens aux Th\u00e9\u00e2tres de Brest, Morlaix et Quimper\u2026<\/p>\n\n\n\n<p><\/p>\n\n\n\n<h3>Hortense <strong>Venot<\/strong>, sopraan<\/h3>\n\n\n\n<p>Hortense Venot begon haar muzikale reis op zeer jonge leeftijd met de piano en kwam op 15-jarige leeftijd in de klas van Gilles Nicolas aan het Conservatoire de Suresnes. Gepassioneerd door de podiumkunsten werd ze na het behalen van haar baccalaureaat toegelaten tot het International College of Musical Theatre in Londen. Het jaar daarop werd Hortense Venot toegelaten tot het Conservatoire \u00e0 Rayonnement R\u00e9gional de Boulogne-Billancourt in de klas operazang van Esthel Durand, en vervolgens studeerde ze bij Doris Lamprecht aan het Conservatoire \u00e0 Rayonnement R\u00e9gional de Paris, waar ze in 2021 afstudeerde. Sindsdien is Hortense begonnen met optreden op het toneel en heeft ze rollen gezongen als Pauline in La Vie Parisienne en Venus in Offenbach&#8217;s Orph\u00e9e aux Enfers met het gezelschap Op\u00e9ra du Jour, of Lazuli in Chabrier&#8217;s L&#8217;Etoile. Als multi-getalenteerde vertolkster heeft ze haar aandacht gericht op een gevarieerd repertoire door de rol van Passe-Partout te vertolken in de musical Le Tour du Monde en 80 jours, die in december 2021 in de Salle Pleyel op tournee ging met het gezelschap GDS Production. Hortense neemt ook deel aan concerten met talrijke koren, zoals het DEMOS-project als soliste, het ensemble Synopsis en meer recent de Op\u00e9ra de Versailles. Momenteel heeft ze het genoegen om op te treden met het gezelschap &#8220;Les Frivolit\u00e9s Parisiennes&#8221; in hun nieuwe productie van de operette Coups de Roulis van Andr\u00e9 Messager.<\/p>\n\n\n\n<p><\/p>\n\n\n\n<p><\/p>\n\n\n\n<p><\/p>\n\n\n\n<figure class=\"wp-block-image\"><img src=\"https:\/\/chateaudechimay.be\/wp-content\/uploads\/2022\/10\/Hortense-Venot-683x1024.jpeg\" alt=\"Hortense Venot\"\/><\/figure>\n","protected":false},"excerpt":{"rendered":"<p>Opera aria&#8217;s Na deelname aan de Masterclass Opera onder leiding van sopraan Christine Schweitzer en pianist Florent Lattuga voeren jonge operazangers verschillende aria&#8217;s uit van H\u00e4ndel, Mozart, Rossini, Donizetti en &#8230;<\/p>\n","protected":false},"author":2,"featured_media":848,"comment_status":"closed","ping_status":"closed","sticky":false,"template":"","format":"standard","meta":{"_mi_skip_tracking":false},"categories":[6],"tags":[],"yoast_head":"<!-- This site is optimized with the Yoast SEO Premium plugin v20.2.1 (Yoast SEO v20.2.1) - https:\/\/yoast.com\/wordpress\/plugins\/seo\/ -->\n<title>Concert masterclass opera lente van stemmen<\/title>\n<meta name=\"description\" content=\"Concert Printemps des Voix Zaterdag 8 april 2023 19u30 - masterclass opera - in het theater van Het Kasteel van Chimay\" \/>\n<meta name=\"robots\" content=\"index, follow, max-snippet:-1, max-image-preview:large, max-video-preview:-1\" \/>\n<link rel=\"canonical\" href=\"https:\/\/chateaudechimay.be\/nl\/lente-stemmen-masterclass-opera\/\" \/>\n<meta property=\"og:locale\" content=\"fr_FR\" \/>\n<meta property=\"og:type\" content=\"article\" \/>\n<meta property=\"og:title\" content=\"Printemps des Voix Zaterdag 8 april 2023 19u30 - masterclass opera\" \/>\n<meta property=\"og:description\" content=\"Concert Printemps des Voix Zaterdag 8 april 2023 19u30 - masterclass opera - in het theater van Het Kasteel van Chimay\" \/>\n<meta property=\"og:url\" content=\"https:\/\/chateaudechimay.be\/nl\/lente-stemmen-masterclass-opera\/\" \/>\n<meta property=\"og:site_name\" content=\"Het Kasteel van Chimay\" \/>\n<meta property=\"article:published_time\" content=\"2022-10-27T10:22:00+00:00\" \/>\n<meta property=\"article:modified_time\" content=\"2023-05-31T07:49:09+00:00\" \/>\n<meta property=\"og:image\" content=\"https:\/\/chateaudechimay.be\/nl\/wp-content\/uploads\/sites\/2\/2023\/02\/Concert-8-4-2023-Printemps-des-voix-Adulte-scaled-1.jpg\" \/>\n\t<meta property=\"og:image:width\" content=\"800\" \/>\n\t<meta property=\"og:image:height\" content=\"449\" \/>\n\t<meta property=\"og:image:type\" content=\"image\/jpeg\" \/>\n<meta name=\"author\" content=\"Anne Herno\u00eb\" \/>\n<meta name=\"twitter:card\" content=\"summary_large_image\" \/>\n<meta name=\"twitter:label1\" content=\"\u00c9crit par\" \/>\n\t<meta name=\"twitter:data1\" content=\"Anne Herno\u00eb\" \/>\n\t<meta name=\"twitter:label2\" content=\"Dur\u00e9e de lecture estim\u00e9e\" \/>\n\t<meta name=\"twitter:data2\" content=\"13 minutes\" \/>\n<script type=\"application\/ld+json\" class=\"yoast-schema-graph\">{\"@context\":\"https:\/\/schema.org\",\"@graph\":[{\"@type\":\"WebPage\",\"@id\":\"https:\/\/chateaudechimay.be\/nl\/lente-stemmen-masterclass-opera\/\",\"url\":\"https:\/\/chateaudechimay.be\/nl\/lente-stemmen-masterclass-opera\/\",\"name\":\"Concert masterclass opera lente van stemmen\",\"isPartOf\":{\"@id\":\"https:\/\/chateaudechimay.be\/nl\/#website\"},\"datePublished\":\"2022-10-27T10:22:00+00:00\",\"dateModified\":\"2023-05-31T07:49:09+00:00\",\"author\":{\"@id\":\"https:\/\/chateaudechimay.be\/nl\/#\/schema\/person\/5af035222b502fbae66cded4e925abfa\"},\"description\":\"Concert Printemps des Voix Zaterdag 8 april 2023 19u30 - masterclass opera - in het theater van Het Kasteel van Chimay\",\"breadcrumb\":{\"@id\":\"https:\/\/chateaudechimay.be\/nl\/lente-stemmen-masterclass-opera\/#breadcrumb\"},\"inLanguage\":\"fr-FR\",\"potentialAction\":[{\"@type\":\"ReadAction\",\"target\":[\"https:\/\/chateaudechimay.be\/nl\/lente-stemmen-masterclass-opera\/\"]}]},{\"@type\":\"BreadcrumbList\",\"@id\":\"https:\/\/chateaudechimay.be\/nl\/lente-stemmen-masterclass-opera\/#breadcrumb\",\"itemListElement\":[{\"@type\":\"ListItem\",\"position\":1,\"name\":\"Accueil\",\"item\":\"https:\/\/chateaudechimay.be\/nl\/\"},{\"@type\":\"ListItem\",\"position\":2,\"name\":\"Printemps des Voix Zaterdag 8 april 2023 19u30 &#8211; masterclass opera\"}]},{\"@type\":\"WebSite\",\"@id\":\"https:\/\/chateaudechimay.be\/nl\/#website\",\"url\":\"https:\/\/chateaudechimay.be\/nl\/\",\"name\":\"Het Kasteel van Chimay\",\"description\":\"Ontdek geschiedenis van het Kasteel van Chimay\",\"potentialAction\":[{\"@type\":\"SearchAction\",\"target\":{\"@type\":\"EntryPoint\",\"urlTemplate\":\"https:\/\/chateaudechimay.be\/nl\/?s={search_term_string}\"},\"query-input\":\"required name=search_term_string\"}],\"inLanguage\":\"fr-FR\"},{\"@type\":\"Person\",\"@id\":\"https:\/\/chateaudechimay.be\/nl\/#\/schema\/person\/5af035222b502fbae66cded4e925abfa\",\"name\":\"Anne Herno\u00eb\",\"image\":{\"@type\":\"ImageObject\",\"inLanguage\":\"fr-FR\",\"@id\":\"https:\/\/chateaudechimay.be\/nl\/#\/schema\/person\/image\/\",\"url\":\"https:\/\/secure.gravatar.com\/avatar\/1cad7cab5e51db0d77ddc60cfd9a5e7c?s=96&d=mm&r=g\",\"contentUrl\":\"https:\/\/secure.gravatar.com\/avatar\/1cad7cab5e51db0d77ddc60cfd9a5e7c?s=96&d=mm&r=g\",\"caption\":\"Anne Herno\u00eb\"},\"url\":\"https:\/\/chateaudechimay.be\/nl\/author\/anneh\/\"}]}<\/script>\n<!-- \/ Yoast SEO Premium plugin. -->","yoast_head_json":{"title":"Concert masterclass opera lente van stemmen","description":"Concert Printemps des Voix Zaterdag 8 april 2023 19u30 - masterclass opera - in het theater van Het Kasteel van Chimay","robots":{"index":"index","follow":"follow","max-snippet":"max-snippet:-1","max-image-preview":"max-image-preview:large","max-video-preview":"max-video-preview:-1"},"canonical":"https:\/\/chateaudechimay.be\/nl\/lente-stemmen-masterclass-opera\/","og_locale":"fr_FR","og_type":"article","og_title":"Printemps des Voix Zaterdag 8 april 2023 19u30 - masterclass opera","og_description":"Concert Printemps des Voix Zaterdag 8 april 2023 19u30 - masterclass opera - in het theater van Het Kasteel van Chimay","og_url":"https:\/\/chateaudechimay.be\/nl\/lente-stemmen-masterclass-opera\/","og_site_name":"Het Kasteel van Chimay","article_published_time":"2022-10-27T10:22:00+00:00","article_modified_time":"2023-05-31T07:49:09+00:00","og_image":[{"width":800,"height":449,"url":"https:\/\/chateaudechimay.be\/nl\/wp-content\/uploads\/sites\/2\/2023\/02\/Concert-8-4-2023-Printemps-des-voix-Adulte-scaled-1.jpg","type":"image\/jpeg"}],"author":"Anne Herno\u00eb","twitter_card":"summary_large_image","twitter_misc":{"\u00c9crit par":"Anne Herno\u00eb","Dur\u00e9e de lecture estim\u00e9e":"13 minutes"},"schema":{"@context":"https:\/\/schema.org","@graph":[{"@type":"WebPage","@id":"https:\/\/chateaudechimay.be\/nl\/lente-stemmen-masterclass-opera\/","url":"https:\/\/chateaudechimay.be\/nl\/lente-stemmen-masterclass-opera\/","name":"Concert masterclass opera lente van stemmen","isPartOf":{"@id":"https:\/\/chateaudechimay.be\/nl\/#website"},"datePublished":"2022-10-27T10:22:00+00:00","dateModified":"2023-05-31T07:49:09+00:00","author":{"@id":"https:\/\/chateaudechimay.be\/nl\/#\/schema\/person\/5af035222b502fbae66cded4e925abfa"},"description":"Concert Printemps des Voix Zaterdag 8 april 2023 19u30 - masterclass opera - in het theater van Het Kasteel van Chimay","breadcrumb":{"@id":"https:\/\/chateaudechimay.be\/nl\/lente-stemmen-masterclass-opera\/#breadcrumb"},"inLanguage":"fr-FR","potentialAction":[{"@type":"ReadAction","target":["https:\/\/chateaudechimay.be\/nl\/lente-stemmen-masterclass-opera\/"]}]},{"@type":"BreadcrumbList","@id":"https:\/\/chateaudechimay.be\/nl\/lente-stemmen-masterclass-opera\/#breadcrumb","itemListElement":[{"@type":"ListItem","position":1,"name":"Accueil","item":"https:\/\/chateaudechimay.be\/nl\/"},{"@type":"ListItem","position":2,"name":"Printemps des Voix Zaterdag 8 april 2023 19u30 &#8211; masterclass opera"}]},{"@type":"WebSite","@id":"https:\/\/chateaudechimay.be\/nl\/#website","url":"https:\/\/chateaudechimay.be\/nl\/","name":"Het Kasteel van Chimay","description":"Ontdek geschiedenis van het Kasteel van Chimay","potentialAction":[{"@type":"SearchAction","target":{"@type":"EntryPoint","urlTemplate":"https:\/\/chateaudechimay.be\/nl\/?s={search_term_string}"},"query-input":"required name=search_term_string"}],"inLanguage":"fr-FR"},{"@type":"Person","@id":"https:\/\/chateaudechimay.be\/nl\/#\/schema\/person\/5af035222b502fbae66cded4e925abfa","name":"Anne Herno\u00eb","image":{"@type":"ImageObject","inLanguage":"fr-FR","@id":"https:\/\/chateaudechimay.be\/nl\/#\/schema\/person\/image\/","url":"https:\/\/secure.gravatar.com\/avatar\/1cad7cab5e51db0d77ddc60cfd9a5e7c?s=96&d=mm&r=g","contentUrl":"https:\/\/secure.gravatar.com\/avatar\/1cad7cab5e51db0d77ddc60cfd9a5e7c?s=96&d=mm&r=g","caption":"Anne Herno\u00eb"},"url":"https:\/\/chateaudechimay.be\/nl\/author\/anneh\/"}]}},"_links":{"self":[{"href":"https:\/\/chateaudechimay.be\/nl\/wp-json\/wp\/v2\/posts\/847"}],"collection":[{"href":"https:\/\/chateaudechimay.be\/nl\/wp-json\/wp\/v2\/posts"}],"about":[{"href":"https:\/\/chateaudechimay.be\/nl\/wp-json\/wp\/v2\/types\/post"}],"author":[{"embeddable":true,"href":"https:\/\/chateaudechimay.be\/nl\/wp-json\/wp\/v2\/users\/2"}],"replies":[{"embeddable":true,"href":"https:\/\/chateaudechimay.be\/nl\/wp-json\/wp\/v2\/comments?post=847"}],"version-history":[{"count":3,"href":"https:\/\/chateaudechimay.be\/nl\/wp-json\/wp\/v2\/posts\/847\/revisions"}],"predecessor-version":[{"id":854,"href":"https:\/\/chateaudechimay.be\/nl\/wp-json\/wp\/v2\/posts\/847\/revisions\/854"}],"wp:featuredmedia":[{"embeddable":true,"href":"https:\/\/chateaudechimay.be\/nl\/wp-json\/wp\/v2\/media\/848"}],"wp:attachment":[{"href":"https:\/\/chateaudechimay.be\/nl\/wp-json\/wp\/v2\/media?parent=847"}],"wp:term":[{"taxonomy":"category","embeddable":true,"href":"https:\/\/chateaudechimay.be\/nl\/wp-json\/wp\/v2\/categories?post=847"},{"taxonomy":"post_tag","embeddable":true,"href":"https:\/\/chateaudechimay.be\/nl\/wp-json\/wp\/v2\/tags?post=847"}],"curies":[{"name":"wp","href":"https:\/\/api.w.org\/{rel}","templated":true}]}}